{"snippets":{"#js-product-list-items-wrapper":{"html":"            \u003Cdiv class=\u0022product-item product-tile-item\u0022 data-product-item\u003E\n    \u003Cdiv class=\u0022product-item__container\u0022\u003E\n        \u003Cdiv class=\u0022product-item__main\u0022 id=\u0022snippet-product-tile-7497-info\u0022\u003E\n            \u003Cdiv class=\u0022product-item__head\u0022\u003E\n                  \u003Ca href=\u0022\/fabrizio-skladaci-cestovni-taska-pres-rameno-10197-cerna\u0022 class=\u0022product-item__image\u0022 tabindex=\u0022-1\u0022\u003E\n\n        \u003Cpicture class=\u0022product-item__picture product-item__picture--primary\u0022\u003E\n      \u003Cimg\n        src=\u0022\u0022\n        data-src=\u0022https:\/\/www.univaro.cz\/temp\/product\/medium\/zbozi\/fabrizio-skladaci-cestovni-taska-pres-rameno-10197-cerna.jpg\u0022\n        alt=\u0022FABRIZIO Skl\u00e1dac\u00ed cestovn\u00ed ta\u0161ka p\u0159es rameno 10197 \u010dern\u00e1 - p\u0159edn\u00ed strana\u0022\n        title=\u0022Skl\u00e1dac\u00ed cestovn\u00ed ta\u0161ka p\u0159es rameno FABRIZIO\u0022\n        class=\u0022img-fluid js-lazy-img\u0022\u003E\n    \u003C\/picture\u003E\n\n                                \u003Cpicture class=\u0022product-item__picture product-item__picture--secondary\u0022\u003E\n        \u003Cimg\n                src=\u0022\u0022\n                data-src=\u0022https:\/\/www.univaro.cz\/temp\/product\/medium\/zbozi\/fabrizio-skladaci-cestovni-taska-pres-rameno-10197-cerna-1.jpg\u0022\n                title=\u0022Kompaktm\u00ed skl\u00e1dac\u00ed cestovn\u00ed ta\u0161ka p\u0159es rameno FABRIZIO\u0022\n                alt=\u0022FABRIZIO Skl\u00e1dac\u00ed cestovn\u00ed ta\u0161ka p\u0159es rameno 10197 \u010dern\u00e1 - slo\u017een\u00e1\u0022\n                class=\u0022img-fluid js-lazy-img\u0022\u003E\n      \u003C\/picture\u003E\n      \u003C\/a\u003E\n\n  \n\n\n\u003Cdiv class=\u0022product-item__overlay\u0022\u003E\n            \u003Cdiv class=\u0022product-item__overlay-left\u0022\u003E\n                        \n                            \n                                    \u003C\/div\u003E\n    \n    \u003Cdiv class=\u0022product-item__overlay-right\u0022\u003E\n        \u003Cdiv class=\u0022product-item__actions\u0022\u003E\n            \n\u003Ca href=\u0022\/product\/favourite\/add\/7497\u0022 class=\u0022service-item service-item--favourite\u0022\n   data-product-favourite=\u00227497\u0022 data-method=\u0022POST\u0022 title=\u0022P\u0159\u00eddat do obl\u00edben\u00fdch\u0022\n   rel=\u0022nofollow\u0022\n\u003E\n  \u003Csvg\u003E\u003Cuse href=\u0022\/build\/images\/sprites\/global.ff95326c.svg#heart-outline\u0022\u003E\u003C\/use\u003E\u003C\/svg\u003E\n\u003C\/a\u003E        \u003C\/div\u003E\n\n        \n                    \u003C\/div\u003E\n\u003C\/div\u003E\u003C\/div\u003E\n\u003Cdiv class=\u0022product-item__body\u0022\u003E\n\n  \n  \u003Ca href=\u0022\/fabrizio-skladaci-cestovni-taska-pres-rameno-10197-cerna\u0022 class=\u0022d-block my-3\u0022 title=\u0022Fabrizio Skl\u00e1dac\u00ed cestovn\u00ed ta\u0161ka p\u0159es rameno 10197 \u010dern\u00e1\u0022\u003E\n    \u003Ch2 class=\u0022product-item__title clamp clamp--3 mb-0\u0022\u003E\u003Cem\u003EFabrizio\u003C\/em\u003E Skl\u00e1dac\u00ed cestovn\u00ed ta\u0161ka p\u0159es rameno 10197 \u010dern\u00e1\u003C\/h2\u003E\n  \u003C\/a\u003E\n\n            \u003Cdiv class=\u0022product-item__price\u0022\u003E\n                \n            \u003Cdiv class=\u0022price price--current\u0022\u003E490 K\u010d\u003C\/div\u003E\n    \n    \n\n  \u003C\/div\u003E\n\u003C\/div\u003E\n\n        \u003C\/div\u003E\n\n            \u003C\/div\u003E\n\u003C\/div\u003E\n\n            \u003Cdiv class=\u0022product-item product-tile-item has-variants\u0022 data-product-item\u003E\n    \u003Cdiv class=\u0022product-item__container\u0022\u003E\n        \u003Cdiv class=\u0022product-item__main\u0022 id=\u0022snippet-product-tile-8006-info\u0022\u003E\n            \u003Cdiv class=\u0022product-item__head\u0022\u003E\n                  \u003Ca href=\u0022\/fabrizio-cestovni-taska-palubni-zavazadlo-ryanair-40x25x20-cm-worldpack-103620100-cerna\u0022 class=\u0022product-item__image\u0022 tabindex=\u0022-1\u0022\u003E\n\n        \u003Cpicture class=\u0022product-item__picture product-item__picture--primary\u0022\u003E\n      \u003Cimg\n        src=\u0022\u0022\n        data-src=\u0022https:\/\/www.univaro.cz\/temp\/product\/medium\/zbozi\/fabrizio-cestovni-taska-palubni-zavazadlo-ryanair-40x25x20-cm-worldpack-10362-0100-cerna.jpg\u0022\n        alt=\u0022Cestovn\u00ed ta\u0161ka \/ palubn\u00ed zavazadlo Ryanair 40x25x20 cm Fabrizio Worldpack 10362-0100 \u010dern\u00e1\u0022\n        title=\u0022Cestovn\u00ed ta\u0161ka \/ palubn\u00ed zavazadlo Ryanair 40x25x20 cm\u0022\n        class=\u0022img-fluid js-lazy-img\u0022\u003E\n    \u003C\/picture\u003E\n\n                                \u003Cpicture class=\u0022product-item__picture product-item__picture--secondary\u0022\u003E\n        \u003Cimg\n                src=\u0022\u0022\n                data-src=\u0022https:\/\/www.univaro.cz\/temp\/product\/medium\/zbozi\/fabrizio-cestovni-taska-palubni-zavazadlo-ryanair-40x25x20-cm-worldpack-10362-0100-cerna-1.jpg\u0022\n                title=\u0022Cestovn\u00ed ta\u0161ka \/ palubn\u00ed zavazadlo Ryanair 40x25x20 cm\u0022\n                alt=\u0022Cestovn\u00ed ta\u0161ka \/ palubn\u00ed zavazadlo Ryanair 40x25x20 cm Fabrizio Worldpack 10362-0100 \u010dern\u00e1 na madle kufru\u0022\n                class=\u0022img-fluid js-lazy-img\u0022\u003E\n      \u003C\/picture\u003E\n      \u003C\/a\u003E\n\n  \n\n\n\u003Cdiv class=\u0022product-item__overlay\u0022\u003E\n            \u003Cdiv class=\u0022product-item__overlay-left\u0022\u003E\n                        \n                            \n                                    \u003C\/div\u003E\n    \n    \u003Cdiv class=\u0022product-item__overlay-right\u0022\u003E\n        \u003Cdiv class=\u0022product-item__actions\u0022\u003E\n            \n\u003Ca href=\u0022\/product\/favourite\/add\/8006\u0022 class=\u0022service-item service-item--favourite\u0022\n   data-product-favourite=\u00228006\u0022 data-method=\u0022POST\u0022 title=\u0022P\u0159\u00eddat do obl\u00edben\u00fdch\u0022\n   rel=\u0022nofollow\u0022\n\u003E\n  \u003Csvg\u003E\u003Cuse href=\u0022\/build\/images\/sprites\/global.ff95326c.svg#heart-outline\u0022\u003E\u003C\/use\u003E\u003C\/svg\u003E\n\u003C\/a\u003E        \u003C\/div\u003E\n\n        \n                    \u003C\/div\u003E\n\u003C\/div\u003E\u003C\/div\u003E\n\u003Cdiv class=\u0022product-item__body\u0022\u003E\n\n  \n  \u003Ca href=\u0022\/fabrizio-cestovni-taska-palubni-zavazadlo-ryanair-40x25x20-cm-worldpack-103620100-cerna\u0022 class=\u0022d-block my-3\u0022 title=\u0022Fabrizio Cestovn\u00ed ta\u0161ka \/ palubn\u00ed zavazadlo Ryanair 40x25x20 cm Worldpack 10362-0100 \u010dern\u00e1\u0022\u003E\n    \u003Ch2 class=\u0022product-item__title clamp clamp--3 mb-0\u0022\u003E\u003Cem\u003EFabrizio\u003C\/em\u003E Cestovn\u00ed ta\u0161ka \/ palubn\u00ed zavazadlo Ryanair 40x25x20 cm Worldpack 10362-0100 \u010dern\u00e1\u003C\/h2\u003E\n  \u003C\/a\u003E\n\n            \u003Cdiv class=\u0022product-item__price\u0022\u003E\n                \n            \u003Cdiv class=\u0022price price--current\u0022\u003E490 K\u010d\u003C\/div\u003E\n    \n    \n\n  \u003C\/div\u003E\n\u003C\/div\u003E\n\n        \u003C\/div\u003E\n\n                    \u003Cdiv class=\u0022product-item__aside\u0022\u003E\n                \n\n\u003Cdiv class=\u0022js-product-item-variants\u0022\u003E\n        \u003Ca href=\u0022\/fabrizio-cestovni-taska-palubni-zavazadlo-ryanair-40x25x20-cm-worldpack-103620100-cerna\u0022\n     class=\u0022product-variant-item js-variant-item is-current\u0022\n     data-product-variant\n     data-show-preloader=\u00220\u0022\n     data-href=\u0022\/product-list-tile\/8000\/8006\u0022\n               onclick=\u0022this.blur()\u0022\u003E\n        \u003Cimg src=\u0022\u0022 data-src=\u0022https:\/\/www.univaro.cz\/temp\/product\/medium\/zbozi\/fabrizio-cestovni-taska-palubni-zavazadlo-ryanair-40x25x20-cm-worldpack-10362-0100-cerna.jpg\u0022 class=\u0022img-fluid js-lazy-img\u0022 alt=\u0022Cestovn\u00ed ta\u0161ka \/ palubn\u00ed zavazadlo Ryanair 40x25x20 cm Fabrizio Worldpack 10362-0100 \u010dern\u00e1\u0022 title=\u0022Cestovn\u00ed ta\u0161ka \/ palubn\u00ed zavazadlo Ryanair 40x25x20 cm\u0022 loading=\u0022lazy\u0022\u003E\n  \u003C\/a\u003E\n\n                                              \u003Ca href=\u0022\/fabrizio-cestovni-taska-palubni-zavazadlo-ryanair-40x25x20-cm-worldpack-103621700-seda\u0022\n         class=\u0022product-variant-item js-variant-item\u0022\n         data-product-variant\n         data-show-preloader=\u00220\u0022\n         data-href=\u0022\/product-list-tile\/8001\/8006\u0022\n                           onclick=\u0022this.blur()\u0022\u003E\n                \u003Cimg src=\u0022\u0022 data-src=\u0022https:\/\/www.univaro.cz\/temp\/product\/medium\/zbozi\/fabrizio-cestovni-taska-palubni-zavazadlo-ryanair-40x25x20-cm-worldpack-10362-1700-seda.jpg\u0022 alt=\u0022Cestovn\u00ed ta\u0161ka \/ palubn\u00ed zavazadlo Ryanair 40x25x20 cm Fabrizio Worldpack 10362-1700 \u0161ed\u00e1\u0022 title=\u0022Cestovn\u00ed ta\u0161ka \/ palubn\u00ed zavazadlo Ryanair 40x25x20 cm\u0022 class=\u0022img-fluid js-lazy-img\u0022 loading=\u0022lazy\u0022\u003E\n      \u003C\/a\u003E\n                                              \u003Ca href=\u0022\/fabrizio-cestovni-taska-palubni-zavazadlo-ryanair-40x25x20-cm-worldpack-103620600-modra\u0022\n         class=\u0022product-variant-item js-variant-item\u0022\n         data-product-variant\n         data-show-preloader=\u00220\u0022\n         data-href=\u0022\/product-list-tile\/8728\/8006\u0022\n                           onclick=\u0022this.blur()\u0022\u003E\n                \u003Cimg src=\u0022\u0022 data-src=\u0022https:\/\/www.univaro.cz\/temp\/product\/medium\/10362-0600.jpg\u0022 alt=\u0022Cestovn\u00ed ta\u0161ka \/ palubn\u00ed zavazadlo Ryanair 40x25x20 cm Worldpack 10362-0600 modr\u00e1\u0022 title=\u0022palubn\u00ed zavazadlo pro ryanair\u0022 class=\u0022img-fluid js-lazy-img\u0022 loading=\u0022lazy\u0022\u003E\n      \u003C\/a\u003E\n                                              \u003Ca href=\u0022\/fabrizio-cestovni-taska-palubni-zavazadlo-ryanair-40x25x20-cm-worldpack-103624700-vinove-cervena\u0022\n         class=\u0022product-variant-item js-variant-item\u0022\n         data-product-variant\n         data-show-preloader=\u00220\u0022\n         data-href=\u0022\/product-list-tile\/8839\/8006\u0022\n                           onclick=\u0022this.blur()\u0022\u003E\n                \u003Cimg src=\u0022\u0022 data-src=\u0022https:\/\/www.univaro.cz\/temp\/product\/medium\/cestovni-taska-palubni-zavazadlo-40x25x20cm-worldpack-10362-4700.jpg\u0022 alt=\u0022Cestovn\u00ed ta\u0161ka \/ palubn\u00ed zavazadlo Ryanair 40x25x20 cm Worldpack 10362-4700 v\u00ednov\u011b \u010derven\u00e1 - p\u0159edn\u00ed strana\u0022 title=\u0022Cestovn\u00ed ta\u0161ka Worldpack v\u00ednov\u011b \u010derven\u00e1\u0022 class=\u0022img-fluid js-lazy-img\u0022 loading=\u0022lazy\u0022\u003E\n      \u003C\/a\u003E\n      \n    \u003C\/div\u003E            \u003C\/div\u003E\n            \u003C\/div\u003E\n\u003C\/div\u003E\n\n            \u003Cdiv class=\u0022product-item product-tile-item\u0022 data-product-item\u003E\n    \u003Cdiv class=\u0022product-item__container\u0022\u003E\n        \u003Cdiv class=\u0022product-item__main\u0022 id=\u0022snippet-product-tile-9280-info\u0022\u003E\n            \u003Cdiv class=\u0022product-item__head\u0022\u003E\n                  \u003Ca href=\u0022\/fabrizio-damska-taska-stripes-552091321-khaki-ruzova\u0022 class=\u0022product-item__image\u0022 tabindex=\u0022-1\u0022\u003E\n\n        \u003Cpicture class=\u0022product-item__picture product-item__picture--primary\u0022\u003E\n      \u003Cimg\n        src=\u0022\u0022\n        data-src=\u0022https:\/\/www.univaro.cz\/temp\/product\/medium\/55209-1321.jpg\u0022\n        alt=\u0022Fabrizio D\u00e1msk\u00e1 ta\u0161ka Stripes 55209-1321 khaki-r\u016f\u017eov\u00e1\u0022\n        title=\u0022pl\u00e1\u017eov\u00e1 ta\u0161ka fabrizio\u0022\n        class=\u0022img-fluid js-lazy-img\u0022\u003E\n    \u003C\/picture\u003E\n\n          \u003C\/a\u003E\n\n  \n\n\n\u003Cdiv class=\u0022product-item__overlay\u0022\u003E\n            \u003Cdiv class=\u0022product-item__overlay-left\u0022\u003E\n                        \n                            \n                                    \u003C\/div\u003E\n    \n    \u003Cdiv class=\u0022product-item__overlay-right\u0022\u003E\n        \u003Cdiv class=\u0022product-item__actions\u0022\u003E\n            \n\u003Ca href=\u0022\/product\/favourite\/add\/9280\u0022 class=\u0022service-item service-item--favourite\u0022\n   data-product-favourite=\u00229280\u0022 data-method=\u0022POST\u0022 title=\u0022P\u0159\u00eddat do obl\u00edben\u00fdch\u0022\n   rel=\u0022nofollow\u0022\n\u003E\n  \u003Csvg\u003E\u003Cuse href=\u0022\/build\/images\/sprites\/global.ff95326c.svg#heart-outline\u0022\u003E\u003C\/use\u003E\u003C\/svg\u003E\n\u003C\/a\u003E        \u003C\/div\u003E\n\n        \n                    \u003C\/div\u003E\n\u003C\/div\u003E\u003C\/div\u003E\n\u003Cdiv class=\u0022product-item__body\u0022\u003E\n\n  \n  \u003Ca href=\u0022\/fabrizio-damska-taska-stripes-552091321-khaki-ruzova\u0022 class=\u0022d-block my-3\u0022 title=\u0022Fabrizio D\u00e1msk\u00e1 ta\u0161ka Stripes 55209-1321 khaki-r\u016f\u017eov\u00e1\u0022\u003E\n    \u003Ch2 class=\u0022product-item__title clamp clamp--3 mb-0\u0022\u003E\u003Cem\u003EFabrizio\u003C\/em\u003E D\u00e1msk\u00e1 ta\u0161ka Stripes 55209-1321 khaki-r\u016f\u017eov\u00e1\u003C\/h2\u003E\n  \u003C\/a\u003E\n\n            \u003Cdiv class=\u0022product-item__price\u0022\u003E\n                \n            \u003Cdiv class=\u0022price price--current\u0022\u003E490 K\u010d\u003C\/div\u003E\n    \n    \n\n  \u003C\/div\u003E\n\u003C\/div\u003E\n\n        \u003C\/div\u003E\n\n            \u003C\/div\u003E\n\u003C\/div\u003E\n\n            \u003Cdiv class=\u0022product-item product-tile-item has-variants\u0022 data-product-item\u003E\n    \u003Cdiv class=\u0022product-item__container\u0022\u003E\n        \u003Cdiv class=\u0022product-item__main\u0022 id=\u0022snippet-product-tile-9275-info\u0022\u003E\n            \u003Cdiv class=\u0022product-item__head\u0022\u003E\n                  \u003Ca href=\u0022\/fabrizio-damska-letni-taska-552075121-ruzovo-ostruzinova\u0022 class=\u0022product-item__image\u0022 tabindex=\u0022-1\u0022\u003E\n\n        \u003Cpicture class=\u0022product-item__picture product-item__picture--primary\u0022\u003E\n      \u003Cimg\n        src=\u0022\u0022\n        data-src=\u0022https:\/\/www.univaro.cz\/temp\/product\/medium\/letni-taska-fabrizio-55207-5121.jpg\u0022\n        alt=\u0022Fabrizio D\u00e1msk\u00e1 letn\u00ed ta\u0161ka 55207-5121 r\u016f\u017eovo-ostru\u017einov\u00e1\u0022\n        title=\u0022letn\u00ed ta\u0161ka fabrizio\u0022\n        class=\u0022img-fluid js-lazy-img\u0022\u003E\n    \u003C\/picture\u003E\n\n          \u003C\/a\u003E\n\n  \n\n\n\u003Cdiv class=\u0022product-item__overlay\u0022\u003E\n            \u003Cdiv class=\u0022product-item__overlay-left\u0022\u003E\n                        \n                            \n                                    \u003C\/div\u003E\n    \n    \u003Cdiv class=\u0022product-item__overlay-right\u0022\u003E\n        \u003Cdiv class=\u0022product-item__actions\u0022\u003E\n            \n\u003Ca href=\u0022\/product\/favourite\/add\/9275\u0022 class=\u0022service-item service-item--favourite\u0022\n   data-product-favourite=\u00229275\u0022 data-method=\u0022POST\u0022 title=\u0022P\u0159\u00eddat do obl\u00edben\u00fdch\u0022\n   rel=\u0022nofollow\u0022\n\u003E\n  \u003Csvg\u003E\u003Cuse href=\u0022\/build\/images\/sprites\/global.ff95326c.svg#heart-outline\u0022\u003E\u003C\/use\u003E\u003C\/svg\u003E\n\u003C\/a\u003E        \u003C\/div\u003E\n\n        \n                    \u003C\/div\u003E\n\u003C\/div\u003E\u003C\/div\u003E\n\u003Cdiv class=\u0022product-item__body\u0022\u003E\n\n  \n  \u003Ca href=\u0022\/fabrizio-damska-letni-taska-552075121-ruzovo-ostruzinova\u0022 class=\u0022d-block my-3\u0022 title=\u0022Fabrizio D\u00e1msk\u00e1 letn\u00ed ta\u0161ka 55207-5121 r\u016f\u017eovo-ostru\u017einov\u00e1\u0022\u003E\n    \u003Ch2 class=\u0022product-item__title clamp clamp--3 mb-0\u0022\u003E\u003Cem\u003EFabrizio\u003C\/em\u003E D\u00e1msk\u00e1 letn\u00ed ta\u0161ka 55207-5121 r\u016f\u017eovo-ostru\u017einov\u00e1\u003C\/h2\u003E\n  \u003C\/a\u003E\n\n            \u003Cdiv class=\u0022product-item__price\u0022\u003E\n                \n            \u003Cdiv class=\u0022price price--current\u0022\u003E490 K\u010d\u003C\/div\u003E\n    \n    \n\n  \u003C\/div\u003E\n\u003C\/div\u003E\n\n        \u003C\/div\u003E\n\n                    \u003Cdiv class=\u0022product-item__aside\u0022\u003E\n                \n\n\u003Cdiv class=\u0022js-product-item-variants\u0022\u003E\n        \u003Ca href=\u0022\/fabrizio-damska-letni-taska-552075121-ruzovo-ostruzinova\u0022\n     class=\u0022product-variant-item js-variant-item is-current\u0022\n     data-product-variant\n     data-show-preloader=\u00220\u0022\n     data-href=\u0022\/product-list-tile\/9280\/9275\u0022\n               onclick=\u0022this.blur()\u0022\u003E\n        \u003Cimg src=\u0022\u0022 data-src=\u0022https:\/\/www.univaro.cz\/temp\/product\/medium\/letni-taska-fabrizio-55207-5121.jpg\u0022 class=\u0022img-fluid js-lazy-img\u0022 alt=\u0022Fabrizio D\u00e1msk\u00e1 letn\u00ed ta\u0161ka 55207-5121 r\u016f\u017eovo-ostru\u017einov\u00e1\u0022 title=\u0022letn\u00ed ta\u0161ka fabrizio\u0022 loading=\u0022lazy\u0022\u003E\n  \u003C\/a\u003E\n\n                                              \u003Ca href=\u0022\/fabrizio-damska-letni-taska-552072950-modro-bezova\u0022\n         class=\u0022product-variant-item js-variant-item\u0022\n         data-product-variant\n         data-show-preloader=\u00220\u0022\n         data-href=\u0022\/product-list-tile\/9281\/9275\u0022\n                           onclick=\u0022this.blur()\u0022\u003E\n                \u003Cimg src=\u0022\u0022 data-src=\u0022https:\/\/www.univaro.cz\/temp\/product\/medium\/letni-taska-fabrizio-55207-2950.jpg\u0022 alt=\u0022Fabrizio D\u00e1msk\u00e1 letn\u00ed ta\u0161ka 55207-2950 modro-b\u00e9\u017eov\u00e1\u0022 title=\u0022d\u00e1msk\u00e1 ta\u0161ka na l\u00e9to\u0022 class=\u0022img-fluid js-lazy-img\u0022 loading=\u0022lazy\u0022\u003E\n      \u003C\/a\u003E\n                                              \u003Ca href=\u0022\/fabrizio-damska-letni-taska-552072332-modro-zluta\u0022\n         class=\u0022product-variant-item js-variant-item\u0022\n         data-product-variant\n         data-show-preloader=\u00220\u0022\n         data-href=\u0022\/product-list-tile\/9282\/9275\u0022\n                           onclick=\u0022this.blur()\u0022\u003E\n                \u003Cimg src=\u0022\u0022 data-src=\u0022https:\/\/www.univaro.cz\/temp\/product\/medium\/letni-taska-fabrizio-55207-2332.jpg\u0022 alt=\u0022Fabrizio D\u00e1msk\u00e1 letn\u00ed ta\u0161ka 55207-2332 modro-\u017elut\u00e1\u0022 title=\u0022d\u00e1msk\u00e1 ta\u0161ka na l\u00e9to\u0022 class=\u0022img-fluid js-lazy-img\u0022 loading=\u0022lazy\u0022\u003E\n      \u003C\/a\u003E\n      \n    \u003C\/div\u003E            \u003C\/div\u003E\n            \u003C\/div\u003E\n\u003C\/div\u003E\n\n            \u003Cdiv class=\u0022product-item product-tile-item has-variants\u0022 data-product-item\u003E\n    \u003Cdiv class=\u0022product-item__container\u0022\u003E\n        \u003Cdiv class=\u0022product-item__main\u0022 id=\u0022snippet-product-tile-9276-info\u0022\u003E\n            \u003Cdiv class=\u0022product-item__head\u0022\u003E\n                  \u003Ca href=\u0022\/fabrizio-damska-letni-taska-552072950-modro-bezova\u0022 class=\u0022product-item__image\u0022 tabindex=\u0022-1\u0022\u003E\n\n        \u003Cpicture class=\u0022product-item__picture product-item__picture--primary\u0022\u003E\n      \u003Cimg\n        src=\u0022\u0022\n        data-src=\u0022https:\/\/www.univaro.cz\/temp\/product\/medium\/letni-taska-fabrizio-55207-2950.jpg\u0022\n        alt=\u0022Fabrizio D\u00e1msk\u00e1 letn\u00ed ta\u0161ka 55207-2950 modro-b\u00e9\u017eov\u00e1\u0022\n        title=\u0022d\u00e1msk\u00e1 ta\u0161ka na l\u00e9to\u0022\n        class=\u0022img-fluid js-lazy-img\u0022\u003E\n    \u003C\/picture\u003E\n\n          \u003C\/a\u003E\n\n  \n\n\n\u003Cdiv class=\u0022product-item__overlay\u0022\u003E\n            \u003Cdiv class=\u0022product-item__overlay-left\u0022\u003E\n                        \n                            \n                                    \u003C\/div\u003E\n    \n    \u003Cdiv class=\u0022product-item__overlay-right\u0022\u003E\n        \u003Cdiv class=\u0022product-item__actions\u0022\u003E\n            \n\u003Ca href=\u0022\/product\/favourite\/add\/9276\u0022 class=\u0022service-item service-item--favourite\u0022\n   data-product-favourite=\u00229276\u0022 data-method=\u0022POST\u0022 title=\u0022P\u0159\u00eddat do obl\u00edben\u00fdch\u0022\n   rel=\u0022nofollow\u0022\n\u003E\n  \u003Csvg\u003E\u003Cuse href=\u0022\/build\/images\/sprites\/global.ff95326c.svg#heart-outline\u0022\u003E\u003C\/use\u003E\u003C\/svg\u003E\n\u003C\/a\u003E        \u003C\/div\u003E\n\n        \n                    \u003C\/div\u003E\n\u003C\/div\u003E\u003C\/div\u003E\n\u003Cdiv class=\u0022product-item__body\u0022\u003E\n\n  \n  \u003Ca href=\u0022\/fabrizio-damska-letni-taska-552072950-modro-bezova\u0022 class=\u0022d-block my-3\u0022 title=\u0022Fabrizio D\u00e1msk\u00e1 letn\u00ed ta\u0161ka 55207-2950 modro-b\u00e9\u017eov\u00e1\u0022\u003E\n    \u003Ch2 class=\u0022product-item__title clamp clamp--3 mb-0\u0022\u003E\u003Cem\u003EFabrizio\u003C\/em\u003E D\u00e1msk\u00e1 letn\u00ed ta\u0161ka 55207-2950 modro-b\u00e9\u017eov\u00e1\u003C\/h2\u003E\n  \u003C\/a\u003E\n\n            \u003Cdiv class=\u0022product-item__price\u0022\u003E\n                \n            \u003Cdiv class=\u0022price price--current\u0022\u003E490 K\u010d\u003C\/div\u003E\n    \n    \n\n  \u003C\/div\u003E\n\u003C\/div\u003E\n\n        \u003C\/div\u003E\n\n                    \u003Cdiv class=\u0022product-item__aside\u0022\u003E\n                \n\n\u003Cdiv class=\u0022js-product-item-variants\u0022\u003E\n        \u003Ca href=\u0022\/fabrizio-damska-letni-taska-552072950-modro-bezova\u0022\n     class=\u0022product-variant-item js-variant-item is-current\u0022\n     data-product-variant\n     data-show-preloader=\u00220\u0022\n     data-href=\u0022\/product-list-tile\/9281\/9276\u0022\n               onclick=\u0022this.blur()\u0022\u003E\n        \u003Cimg src=\u0022\u0022 data-src=\u0022https:\/\/www.univaro.cz\/temp\/product\/medium\/letni-taska-fabrizio-55207-2950.jpg\u0022 class=\u0022img-fluid js-lazy-img\u0022 alt=\u0022Fabrizio D\u00e1msk\u00e1 letn\u00ed ta\u0161ka 55207-2950 modro-b\u00e9\u017eov\u00e1\u0022 title=\u0022d\u00e1msk\u00e1 ta\u0161ka na l\u00e9to\u0022 loading=\u0022lazy\u0022\u003E\n  \u003C\/a\u003E\n\n                                              \u003Ca href=\u0022\/fabrizio-damska-letni-taska-552075121-ruzovo-ostruzinova\u0022\n         class=\u0022product-variant-item js-variant-item\u0022\n         data-product-variant\n         data-show-preloader=\u00220\u0022\n         data-href=\u0022\/product-list-tile\/9280\/9276\u0022\n                           onclick=\u0022this.blur()\u0022\u003E\n                \u003Cimg src=\u0022\u0022 data-src=\u0022https:\/\/www.univaro.cz\/temp\/product\/medium\/letni-taska-fabrizio-55207-5121.jpg\u0022 alt=\u0022Fabrizio D\u00e1msk\u00e1 letn\u00ed ta\u0161ka 55207-5121 r\u016f\u017eovo-ostru\u017einov\u00e1\u0022 title=\u0022letn\u00ed ta\u0161ka fabrizio\u0022 class=\u0022img-fluid js-lazy-img\u0022 loading=\u0022lazy\u0022\u003E\n      \u003C\/a\u003E\n                                              \u003Ca href=\u0022\/fabrizio-damska-letni-taska-552072332-modro-zluta\u0022\n         class=\u0022product-variant-item js-variant-item\u0022\n         data-product-variant\n         data-show-preloader=\u00220\u0022\n         data-href=\u0022\/product-list-tile\/9282\/9276\u0022\n                           onclick=\u0022this.blur()\u0022\u003E\n                \u003Cimg src=\u0022\u0022 data-src=\u0022https:\/\/www.univaro.cz\/temp\/product\/medium\/letni-taska-fabrizio-55207-2332.jpg\u0022 alt=\u0022Fabrizio D\u00e1msk\u00e1 letn\u00ed ta\u0161ka 55207-2332 modro-\u017elut\u00e1\u0022 title=\u0022d\u00e1msk\u00e1 ta\u0161ka na l\u00e9to\u0022 class=\u0022img-fluid js-lazy-img\u0022 loading=\u0022lazy\u0022\u003E\n      \u003C\/a\u003E\n      \n    \u003C\/div\u003E            \u003C\/div\u003E\n            \u003C\/div\u003E\n\u003C\/div\u003E\n\n            \u003Cdiv class=\u0022product-item product-tile-item has-variants\u0022 data-product-item\u003E\n    \u003Cdiv class=\u0022product-item__container\u0022\u003E\n        \u003Cdiv class=\u0022product-item__main\u0022 id=\u0022snippet-product-tile-9277-info\u0022\u003E\n            \u003Cdiv class=\u0022product-item__head\u0022\u003E\n                  \u003Ca href=\u0022\/fabrizio-damska-letni-taska-552072332-modro-zluta\u0022 class=\u0022product-item__image\u0022 tabindex=\u0022-1\u0022\u003E\n\n        \u003Cpicture class=\u0022product-item__picture product-item__picture--primary\u0022\u003E\n      \u003Cimg\n        src=\u0022\u0022\n        data-src=\u0022https:\/\/www.univaro.cz\/temp\/product\/medium\/letni-taska-fabrizio-55207-2332.jpg\u0022\n        alt=\u0022Fabrizio D\u00e1msk\u00e1 letn\u00ed ta\u0161ka 55207-2332 modro-\u017elut\u00e1\u0022\n        title=\u0022d\u00e1msk\u00e1 ta\u0161ka na l\u00e9to\u0022\n        class=\u0022img-fluid js-lazy-img\u0022\u003E\n    \u003C\/picture\u003E\n\n          \u003C\/a\u003E\n\n  \n\n\n\u003Cdiv class=\u0022product-item__overlay\u0022\u003E\n            \u003Cdiv class=\u0022product-item__overlay-left\u0022\u003E\n                        \n                            \n                                    \u003C\/div\u003E\n    \n    \u003Cdiv class=\u0022product-item__overlay-right\u0022\u003E\n        \u003Cdiv class=\u0022product-item__actions\u0022\u003E\n            \n\u003Ca href=\u0022\/product\/favourite\/add\/9277\u0022 class=\u0022service-item service-item--favourite\u0022\n   data-product-favourite=\u00229277\u0022 data-method=\u0022POST\u0022 title=\u0022P\u0159\u00eddat do obl\u00edben\u00fdch\u0022\n   rel=\u0022nofollow\u0022\n\u003E\n  \u003Csvg\u003E\u003Cuse href=\u0022\/build\/images\/sprites\/global.ff95326c.svg#heart-outline\u0022\u003E\u003C\/use\u003E\u003C\/svg\u003E\n\u003C\/a\u003E        \u003C\/div\u003E\n\n        \n                    \u003C\/div\u003E\n\u003C\/div\u003E\u003C\/div\u003E\n\u003Cdiv class=\u0022product-item__body\u0022\u003E\n\n  \n  \u003Ca href=\u0022\/fabrizio-damska-letni-taska-552072332-modro-zluta\u0022 class=\u0022d-block my-3\u0022 title=\u0022Fabrizio D\u00e1msk\u00e1 letn\u00ed ta\u0161ka 55207-2332 modro-\u017elut\u00e1\u0022\u003E\n    \u003Ch2 class=\u0022product-item__title clamp clamp--3 mb-0\u0022\u003E\u003Cem\u003EFabrizio\u003C\/em\u003E D\u00e1msk\u00e1 letn\u00ed ta\u0161ka 55207-2332 modro-\u017elut\u00e1\u003C\/h2\u003E\n  \u003C\/a\u003E\n\n            \u003Cdiv class=\u0022product-item__price\u0022\u003E\n                \n            \u003Cdiv class=\u0022price price--current\u0022\u003E490 K\u010d\u003C\/div\u003E\n    \n    \n\n  \u003C\/div\u003E\n\u003C\/div\u003E\n\n        \u003C\/div\u003E\n\n                    \u003Cdiv class=\u0022product-item__aside\u0022\u003E\n                \n\n\u003Cdiv class=\u0022js-product-item-variants\u0022\u003E\n        \u003Ca href=\u0022\/fabrizio-damska-letni-taska-552072332-modro-zluta\u0022\n     class=\u0022product-variant-item js-variant-item is-current\u0022\n     data-product-variant\n     data-show-preloader=\u00220\u0022\n     data-href=\u0022\/product-list-tile\/9282\/9277\u0022\n               onclick=\u0022this.blur()\u0022\u003E\n        \u003Cimg src=\u0022\u0022 data-src=\u0022https:\/\/www.univaro.cz\/temp\/product\/medium\/letni-taska-fabrizio-55207-2332.jpg\u0022 class=\u0022img-fluid js-lazy-img\u0022 alt=\u0022Fabrizio D\u00e1msk\u00e1 letn\u00ed ta\u0161ka 55207-2332 modro-\u017elut\u00e1\u0022 title=\u0022d\u00e1msk\u00e1 ta\u0161ka na l\u00e9to\u0022 loading=\u0022lazy\u0022\u003E\n  \u003C\/a\u003E\n\n                                              \u003Ca href=\u0022\/fabrizio-damska-letni-taska-552075121-ruzovo-ostruzinova\u0022\n         class=\u0022product-variant-item js-variant-item\u0022\n         data-product-variant\n         data-show-preloader=\u00220\u0022\n         data-href=\u0022\/product-list-tile\/9280\/9277\u0022\n                           onclick=\u0022this.blur()\u0022\u003E\n                \u003Cimg src=\u0022\u0022 data-src=\u0022https:\/\/www.univaro.cz\/temp\/product\/medium\/letni-taska-fabrizio-55207-5121.jpg\u0022 alt=\u0022Fabrizio D\u00e1msk\u00e1 letn\u00ed ta\u0161ka 55207-5121 r\u016f\u017eovo-ostru\u017einov\u00e1\u0022 title=\u0022letn\u00ed ta\u0161ka fabrizio\u0022 class=\u0022img-fluid js-lazy-img\u0022 loading=\u0022lazy\u0022\u003E\n      \u003C\/a\u003E\n                                              \u003Ca href=\u0022\/fabrizio-damska-letni-taska-552072950-modro-bezova\u0022\n         class=\u0022product-variant-item js-variant-item\u0022\n         data-product-variant\n         data-show-preloader=\u00220\u0022\n         data-href=\u0022\/product-list-tile\/9281\/9277\u0022\n                           onclick=\u0022this.blur()\u0022\u003E\n                \u003Cimg src=\u0022\u0022 data-src=\u0022https:\/\/www.univaro.cz\/temp\/product\/medium\/letni-taska-fabrizio-55207-2950.jpg\u0022 alt=\u0022Fabrizio D\u00e1msk\u00e1 letn\u00ed ta\u0161ka 55207-2950 modro-b\u00e9\u017eov\u00e1\u0022 title=\u0022d\u00e1msk\u00e1 ta\u0161ka na l\u00e9to\u0022 class=\u0022img-fluid js-lazy-img\u0022 loading=\u0022lazy\u0022\u003E\n      \u003C\/a\u003E\n      \n    \u003C\/div\u003E            \u003C\/div\u003E\n            \u003C\/div\u003E\n\u003C\/div\u003E\n\n            \u003Cdiv class=\u0022product-item product-tile-item has-variants\u0022 data-product-item\u003E\n    \u003Cdiv class=\u0022product-item__container\u0022\u003E\n        \u003Cdiv class=\u0022product-item__main\u0022 id=\u0022snippet-product-tile-8007-info\u0022\u003E\n            \u003Cdiv class=\u0022product-item__head\u0022\u003E\n                  \u003Ca href=\u0022\/fabrizio-cestovni-taska-palubni-zavazadlo-ryanair-40x25x20-cm-worldpack-103621700-seda\u0022 class=\u0022product-item__image\u0022 tabindex=\u0022-1\u0022\u003E\n\n        \u003Cpicture class=\u0022product-item__picture product-item__picture--primary\u0022\u003E\n      \u003Cimg\n        src=\u0022\u0022\n        data-src=\u0022https:\/\/www.univaro.cz\/temp\/product\/medium\/zbozi\/fabrizio-cestovni-taska-palubni-zavazadlo-ryanair-40x25x20-cm-worldpack-10362-1700-seda.jpg\u0022\n        alt=\u0022Cestovn\u00ed ta\u0161ka \/ palubn\u00ed zavazadlo Ryanair 40x25x20 cm Fabrizio Worldpack 10362-1700 \u0161ed\u00e1\u0022\n        title=\u0022Cestovn\u00ed ta\u0161ka \/ palubn\u00ed zavazadlo Ryanair 40x25x20 cm\u0022\n        class=\u0022img-fluid js-lazy-img\u0022\u003E\n    \u003C\/picture\u003E\n\n                                \u003Cpicture class=\u0022product-item__picture product-item__picture--secondary\u0022\u003E\n        \u003Cimg\n                src=\u0022\u0022\n                data-src=\u0022https:\/\/www.univaro.cz\/temp\/product\/medium\/zbozi\/fabrizio-cestovni-taska-palubni-zavazadlo-ryanair-40x25x20-cm-worldpack-10362-1700-seda-1.jpg\u0022\n                title=\u0022palubn\u00ed zavazadlo pro ryanair\u0022\n                alt=\u0022Cestovn\u00ed ta\u0161ka Ryanair 40x25x20 cm Fabrizio Worldpack 10362-1700 \u0161ed\u00e1 na rameni\u0022\n                class=\u0022img-fluid js-lazy-img\u0022\u003E\n      \u003C\/picture\u003E\n      \u003C\/a\u003E\n\n  \n\n\n\u003Cdiv class=\u0022product-item__overlay\u0022\u003E\n            \u003Cdiv class=\u0022product-item__overlay-left\u0022\u003E\n                        \n                            \n                                    \u003C\/div\u003E\n    \n    \u003Cdiv class=\u0022product-item__overlay-right\u0022\u003E\n        \u003Cdiv class=\u0022product-item__actions\u0022\u003E\n            \n\u003Ca href=\u0022\/product\/favourite\/add\/8007\u0022 class=\u0022service-item service-item--favourite\u0022\n   data-product-favourite=\u00228007\u0022 data-method=\u0022POST\u0022 title=\u0022P\u0159\u00eddat do obl\u00edben\u00fdch\u0022\n   rel=\u0022nofollow\u0022\n\u003E\n  \u003Csvg\u003E\u003Cuse href=\u0022\/build\/images\/sprites\/global.ff95326c.svg#heart-outline\u0022\u003E\u003C\/use\u003E\u003C\/svg\u003E\n\u003C\/a\u003E        \u003C\/div\u003E\n\n        \n                    \u003C\/div\u003E\n\u003C\/div\u003E\u003C\/div\u003E\n\u003Cdiv class=\u0022product-item__body\u0022\u003E\n\n  \n  \u003Ca href=\u0022\/fabrizio-cestovni-taska-palubni-zavazadlo-ryanair-40x25x20-cm-worldpack-103621700-seda\u0022 class=\u0022d-block my-3\u0022 title=\u0022Fabrizio Cestovn\u00ed ta\u0161ka \/ palubn\u00ed zavazadlo Ryanair 40x25x20 cm Worldpack 10362-1700 \u0161ed\u00e1\u0022\u003E\n    \u003Ch2 class=\u0022product-item__title clamp clamp--3 mb-0\u0022\u003E\u003Cem\u003EFabrizio\u003C\/em\u003E Cestovn\u00ed ta\u0161ka \/ palubn\u00ed zavazadlo Ryanair 40x25x20 cm Worldpack 10362-1700 \u0161ed\u00e1\u003C\/h2\u003E\n  \u003C\/a\u003E\n\n            \u003Cdiv class=\u0022product-item__price\u0022\u003E\n                \n            \u003Cdiv class=\u0022price price--current\u0022\u003E490 K\u010d\u003C\/div\u003E\n    \n    \n\n  \u003C\/div\u003E\n\u003C\/div\u003E\n\n        \u003C\/div\u003E\n\n                    \u003Cdiv class=\u0022product-item__aside\u0022\u003E\n                \n\n\u003Cdiv class=\u0022js-product-item-variants\u0022\u003E\n        \u003Ca href=\u0022\/fabrizio-cestovni-taska-palubni-zavazadlo-ryanair-40x25x20-cm-worldpack-103621700-seda\u0022\n     class=\u0022product-variant-item js-variant-item is-current\u0022\n     data-product-variant\n     data-show-preloader=\u00220\u0022\n     data-href=\u0022\/product-list-tile\/8001\/8007\u0022\n               onclick=\u0022this.blur()\u0022\u003E\n        \u003Cimg src=\u0022\u0022 data-src=\u0022https:\/\/www.univaro.cz\/temp\/product\/medium\/zbozi\/fabrizio-cestovni-taska-palubni-zavazadlo-ryanair-40x25x20-cm-worldpack-10362-1700-seda.jpg\u0022 class=\u0022img-fluid js-lazy-img\u0022 alt=\u0022Cestovn\u00ed ta\u0161ka \/ palubn\u00ed zavazadlo Ryanair 40x25x20 cm Fabrizio Worldpack 10362-1700 \u0161ed\u00e1\u0022 title=\u0022Cestovn\u00ed ta\u0161ka \/ palubn\u00ed zavazadlo Ryanair 40x25x20 cm\u0022 loading=\u0022lazy\u0022\u003E\n  \u003C\/a\u003E\n\n                                              \u003Ca href=\u0022\/fabrizio-cestovni-taska-palubni-zavazadlo-ryanair-40x25x20-cm-worldpack-103620100-cerna\u0022\n         class=\u0022product-variant-item js-variant-item\u0022\n         data-product-variant\n         data-show-preloader=\u00220\u0022\n         data-href=\u0022\/product-list-tile\/8000\/8007\u0022\n                           onclick=\u0022this.blur()\u0022\u003E\n                \u003Cimg src=\u0022\u0022 data-src=\u0022https:\/\/www.univaro.cz\/temp\/product\/medium\/zbozi\/fabrizio-cestovni-taska-palubni-zavazadlo-ryanair-40x25x20-cm-worldpack-10362-0100-cerna.jpg\u0022 alt=\u0022Cestovn\u00ed ta\u0161ka \/ palubn\u00ed zavazadlo Ryanair 40x25x20 cm Fabrizio Worldpack 10362-0100 \u010dern\u00e1\u0022 title=\u0022Cestovn\u00ed ta\u0161ka \/ palubn\u00ed zavazadlo Ryanair 40x25x20 cm\u0022 class=\u0022img-fluid js-lazy-img\u0022 loading=\u0022lazy\u0022\u003E\n      \u003C\/a\u003E\n                                              \u003Ca href=\u0022\/fabrizio-cestovni-taska-palubni-zavazadlo-ryanair-40x25x20-cm-worldpack-103620600-modra\u0022\n         class=\u0022product-variant-item js-variant-item\u0022\n         data-product-variant\n         data-show-preloader=\u00220\u0022\n         data-href=\u0022\/product-list-tile\/8728\/8007\u0022\n                           onclick=\u0022this.blur()\u0022\u003E\n                \u003Cimg src=\u0022\u0022 data-src=\u0022https:\/\/www.univaro.cz\/temp\/product\/medium\/10362-0600.jpg\u0022 alt=\u0022Cestovn\u00ed ta\u0161ka \/ palubn\u00ed zavazadlo Ryanair 40x25x20 cm Worldpack 10362-0600 modr\u00e1\u0022 title=\u0022palubn\u00ed zavazadlo pro ryanair\u0022 class=\u0022img-fluid js-lazy-img\u0022 loading=\u0022lazy\u0022\u003E\n      \u003C\/a\u003E\n                                              \u003Ca href=\u0022\/fabrizio-cestovni-taska-palubni-zavazadlo-ryanair-40x25x20-cm-worldpack-103624700-vinove-cervena\u0022\n         class=\u0022product-variant-item js-variant-item\u0022\n         data-product-variant\n         data-show-preloader=\u00220\u0022\n         data-href=\u0022\/product-list-tile\/8839\/8007\u0022\n                           onclick=\u0022this.blur()\u0022\u003E\n                \u003Cimg src=\u0022\u0022 data-src=\u0022https:\/\/www.univaro.cz\/temp\/product\/medium\/cestovni-taska-palubni-zavazadlo-40x25x20cm-worldpack-10362-4700.jpg\u0022 alt=\u0022Cestovn\u00ed ta\u0161ka \/ palubn\u00ed zavazadlo Ryanair 40x25x20 cm Worldpack 10362-4700 v\u00ednov\u011b \u010derven\u00e1 - p\u0159edn\u00ed strana\u0022 title=\u0022Cestovn\u00ed ta\u0161ka Worldpack v\u00ednov\u011b \u010derven\u00e1\u0022 class=\u0022img-fluid js-lazy-img\u0022 loading=\u0022lazy\u0022\u003E\n      \u003C\/a\u003E\n      \n    \u003C\/div\u003E            \u003C\/div\u003E\n            \u003C\/div\u003E\n\u003C\/div\u003E\n\n            \u003Cdiv class=\u0022product-item product-tile-item has-variants\u0022 data-product-item\u003E\n    \u003Cdiv class=\u0022product-item__container\u0022\u003E\n        \u003Cdiv class=\u0022product-item__main\u0022 id=\u0022snippet-product-tile-8836-info\u0022\u003E\n            \u003Cdiv class=\u0022product-item__head\u0022\u003E\n                  \u003Ca href=\u0022\/fabrizio-cestovni-taska-palubni-zavazadlo-ryanair-40x25x20-cm-worldpack-103624700-vinove-cervena\u0022 class=\u0022product-item__image\u0022 tabindex=\u0022-1\u0022\u003E\n\n        \u003Cpicture class=\u0022product-item__picture product-item__picture--primary\u0022\u003E\n      \u003Cimg\n        src=\u0022\u0022\n        data-src=\u0022https:\/\/www.univaro.cz\/temp\/product\/medium\/cestovni-taska-palubni-zavazadlo-40x25x20cm-worldpack-10362-4700.jpg\u0022\n        alt=\u0022Cestovn\u00ed ta\u0161ka \/ palubn\u00ed zavazadlo Ryanair 40x25x20 cm Worldpack 10362-4700 v\u00ednov\u011b \u010derven\u00e1 - p\u0159edn\u00ed strana\u0022\n        title=\u0022Cestovn\u00ed ta\u0161ka Worldpack v\u00ednov\u011b \u010derven\u00e1\u0022\n        class=\u0022img-fluid js-lazy-img\u0022\u003E\n    \u003C\/picture\u003E\n\n                                \u003Cpicture class=\u0022product-item__picture product-item__picture--secondary\u0022\u003E\n        \u003Cimg\n                src=\u0022\u0022\n                data-src=\u0022https:\/\/www.univaro.cz\/temp\/product\/medium\/cestovni-taska-palubni-zavazadlo-40x25x20-cm-worldpack-10362-4700.jpg\u0022\n                title=\u0022Palubn\u00ed zavazadlo 40x25x20 Worldpack v\u00ednov\u011b \u010derven\u00e9\u0022\n                alt=\u0022Cestovn\u00ed ta\u0161ka \/ palubn\u00ed zavazadlo Ryanair 40x25x20 cm Worldpack 10362-4700 v\u00ednov\u011b \u010derven\u00e1 - na madle kufru\u0022\n                class=\u0022img-fluid js-lazy-img\u0022\u003E\n      \u003C\/picture\u003E\n      \u003C\/a\u003E\n\n  \n\n\n\u003Cdiv class=\u0022product-item__overlay\u0022\u003E\n            \u003Cdiv class=\u0022product-item__overlay-left\u0022\u003E\n                        \n                            \n                                    \u003C\/div\u003E\n    \n    \u003Cdiv class=\u0022product-item__overlay-right\u0022\u003E\n        \u003Cdiv class=\u0022product-item__actions\u0022\u003E\n            \n\u003Ca href=\u0022\/product\/favourite\/add\/8836\u0022 class=\u0022service-item service-item--favourite\u0022\n   data-product-favourite=\u00228836\u0022 data-method=\u0022POST\u0022 title=\u0022P\u0159\u00eddat do obl\u00edben\u00fdch\u0022\n   rel=\u0022nofollow\u0022\n\u003E\n  \u003Csvg\u003E\u003Cuse href=\u0022\/build\/images\/sprites\/global.ff95326c.svg#heart-outline\u0022\u003E\u003C\/use\u003E\u003C\/svg\u003E\n\u003C\/a\u003E        \u003C\/div\u003E\n\n        \n                    \u003C\/div\u003E\n\u003C\/div\u003E\u003C\/div\u003E\n\u003Cdiv class=\u0022product-item__body\u0022\u003E\n\n  \n  \u003Ca href=\u0022\/fabrizio-cestovni-taska-palubni-zavazadlo-ryanair-40x25x20-cm-worldpack-103624700-vinove-cervena\u0022 class=\u0022d-block my-3\u0022 title=\u0022Fabrizio Cestovn\u00ed ta\u0161ka \/ palubn\u00ed zavazadlo Ryanair 40x25x20 cm Worldpack 10362-4700 v\u00ednov\u011b \u010derven\u00e1\u0022\u003E\n    \u003Ch2 class=\u0022product-item__title clamp clamp--3 mb-0\u0022\u003E\u003Cem\u003EFabrizio\u003C\/em\u003E Cestovn\u00ed ta\u0161ka \/ palubn\u00ed zavazadlo Ryanair 40x25x20 cm Worldpack 10362-4700 v\u00ednov\u011b \u010derven\u00e1\u003C\/h2\u003E\n  \u003C\/a\u003E\n\n            \u003Cdiv class=\u0022product-item__price\u0022\u003E\n                \n            \u003Cdiv class=\u0022price price--current\u0022\u003E490 K\u010d\u003C\/div\u003E\n    \n    \n\n  \u003C\/div\u003E\n\u003C\/div\u003E\n\n        \u003C\/div\u003E\n\n                    \u003Cdiv class=\u0022product-item__aside\u0022\u003E\n                \n\n\u003Cdiv class=\u0022js-product-item-variants\u0022\u003E\n        \u003Ca href=\u0022\/fabrizio-cestovni-taska-palubni-zavazadlo-ryanair-40x25x20-cm-worldpack-103624700-vinove-cervena\u0022\n     class=\u0022product-variant-item js-variant-item is-current\u0022\n     data-product-variant\n     data-show-preloader=\u00220\u0022\n     data-href=\u0022\/product-list-tile\/8839\/8836\u0022\n               onclick=\u0022this.blur()\u0022\u003E\n        \u003Cimg src=\u0022\u0022 data-src=\u0022https:\/\/www.univaro.cz\/temp\/product\/medium\/cestovni-taska-palubni-zavazadlo-40x25x20cm-worldpack-10362-4700.jpg\u0022 class=\u0022img-fluid js-lazy-img\u0022 alt=\u0022Cestovn\u00ed ta\u0161ka \/ palubn\u00ed zavazadlo Ryanair 40x25x20 cm Worldpack 10362-4700 v\u00ednov\u011b \u010derven\u00e1 - p\u0159edn\u00ed strana\u0022 title=\u0022Cestovn\u00ed ta\u0161ka Worldpack v\u00ednov\u011b \u010derven\u00e1\u0022 loading=\u0022lazy\u0022\u003E\n  \u003C\/a\u003E\n\n                                              \u003Ca href=\u0022\/fabrizio-cestovni-taska-palubni-zavazadlo-ryanair-40x25x20-cm-worldpack-103620600-modra\u0022\n         class=\u0022product-variant-item js-variant-item\u0022\n         data-product-variant\n         data-show-preloader=\u00220\u0022\n         data-href=\u0022\/product-list-tile\/8728\/8836\u0022\n                           onclick=\u0022this.blur()\u0022\u003E\n                \u003Cimg src=\u0022\u0022 data-src=\u0022https:\/\/www.univaro.cz\/temp\/product\/medium\/10362-0600.jpg\u0022 alt=\u0022Cestovn\u00ed ta\u0161ka \/ palubn\u00ed zavazadlo Ryanair 40x25x20 cm Worldpack 10362-0600 modr\u00e1\u0022 title=\u0022palubn\u00ed zavazadlo pro ryanair\u0022 class=\u0022img-fluid js-lazy-img\u0022 loading=\u0022lazy\u0022\u003E\n      \u003C\/a\u003E\n                                              \u003Ca href=\u0022\/fabrizio-cestovni-taska-palubni-zavazadlo-ryanair-40x25x20-cm-worldpack-103621700-seda\u0022\n         class=\u0022product-variant-item js-variant-item\u0022\n         data-product-variant\n         data-show-preloader=\u00220\u0022\n         data-href=\u0022\/product-list-tile\/8001\/8836\u0022\n                           onclick=\u0022this.blur()\u0022\u003E\n                \u003Cimg src=\u0022\u0022 data-src=\u0022https:\/\/www.univaro.cz\/temp\/product\/medium\/zbozi\/fabrizio-cestovni-taska-palubni-zavazadlo-ryanair-40x25x20-cm-worldpack-10362-1700-seda.jpg\u0022 alt=\u0022Cestovn\u00ed ta\u0161ka \/ palubn\u00ed zavazadlo Ryanair 40x25x20 cm Fabrizio Worldpack 10362-1700 \u0161ed\u00e1\u0022 title=\u0022Cestovn\u00ed ta\u0161ka \/ palubn\u00ed zavazadlo Ryanair 40x25x20 cm\u0022 class=\u0022img-fluid js-lazy-img\u0022 loading=\u0022lazy\u0022\u003E\n      \u003C\/a\u003E\n                                              \u003Ca href=\u0022\/fabrizio-cestovni-taska-palubni-zavazadlo-ryanair-40x25x20-cm-worldpack-103620100-cerna\u0022\n         class=\u0022product-variant-item js-variant-item\u0022\n         data-product-variant\n         data-show-preloader=\u00220\u0022\n         data-href=\u0022\/product-list-tile\/8000\/8836\u0022\n                           onclick=\u0022this.blur()\u0022\u003E\n                \u003Cimg src=\u0022\u0022 data-src=\u0022https:\/\/www.univaro.cz\/temp\/product\/medium\/zbozi\/fabrizio-cestovni-taska-palubni-zavazadlo-ryanair-40x25x20-cm-worldpack-10362-0100-cerna.jpg\u0022 alt=\u0022Cestovn\u00ed ta\u0161ka \/ palubn\u00ed zavazadlo Ryanair 40x25x20 cm Fabrizio Worldpack 10362-0100 \u010dern\u00e1\u0022 title=\u0022Cestovn\u00ed ta\u0161ka \/ palubn\u00ed zavazadlo Ryanair 40x25x20 cm\u0022 class=\u0022img-fluid js-lazy-img\u0022 loading=\u0022lazy\u0022\u003E\n      \u003C\/a\u003E\n      \n    \u003C\/div\u003E            \u003C\/div\u003E\n            \u003C\/div\u003E\n\u003C\/div\u003E\n\n            \u003Cdiv class=\u0022product-item product-tile-item has-variants\u0022 data-product-item\u003E\n    \u003Cdiv class=\u0022product-item__container\u0022\u003E\n        \u003Cdiv class=\u0022product-item__main\u0022 id=\u0022snippet-product-tile-8725-info\u0022\u003E\n            \u003Cdiv class=\u0022product-item__head\u0022\u003E\n                  \u003Ca href=\u0022\/fabrizio-cestovni-taska-palubni-zavazadlo-ryanair-40x25x20-cm-worldpack-103620600-modra\u0022 class=\u0022product-item__image\u0022 tabindex=\u0022-1\u0022\u003E\n\n        \u003Cpicture class=\u0022product-item__picture product-item__picture--primary\u0022\u003E\n      \u003Cimg\n        src=\u0022\u0022\n        data-src=\u0022https:\/\/www.univaro.cz\/temp\/product\/medium\/10362-0600.jpg\u0022\n        alt=\u0022Cestovn\u00ed ta\u0161ka \/ palubn\u00ed zavazadlo Ryanair 40x25x20 cm Worldpack 10362-0600 modr\u00e1\u0022\n        title=\u0022palubn\u00ed zavazadlo pro ryanair\u0022\n        class=\u0022img-fluid js-lazy-img\u0022\u003E\n    \u003C\/picture\u003E\n\n                                \u003Cpicture class=\u0022product-item__picture product-item__picture--secondary\u0022\u003E\n        \u003Cimg\n                src=\u0022\u0022\n                data-src=\u0022https:\/\/www.univaro.cz\/temp\/product\/medium\/10362-0600-aufgesteckt.jpg\u0022\n                title=\u0022p\u0159\u00edru\u010dn\u00ed zavazadlo do letadla\u0022\n                alt=\u0022Cestovn\u00ed ta\u0161ka Ryanair 40x25x20 cm Worldpack 10362-0600 modr\u00e1\u0022\n                class=\u0022img-fluid js-lazy-img\u0022\u003E\n      \u003C\/picture\u003E\n      \u003C\/a\u003E\n\n  \n\n\n\u003Cdiv class=\u0022product-item__overlay\u0022\u003E\n            \u003Cdiv class=\u0022product-item__overlay-left\u0022\u003E\n                        \n                            \n                                    \u003C\/div\u003E\n    \n    \u003Cdiv class=\u0022product-item__overlay-right\u0022\u003E\n        \u003Cdiv class=\u0022product-item__actions\u0022\u003E\n            \n\u003Ca href=\u0022\/product\/favourite\/add\/8725\u0022 class=\u0022service-item service-item--favourite\u0022\n   data-product-favourite=\u00228725\u0022 data-method=\u0022POST\u0022 title=\u0022P\u0159\u00eddat do obl\u00edben\u00fdch\u0022\n   rel=\u0022nofollow\u0022\n\u003E\n  \u003Csvg\u003E\u003Cuse href=\u0022\/build\/images\/sprites\/global.ff95326c.svg#heart-outline\u0022\u003E\u003C\/use\u003E\u003C\/svg\u003E\n\u003C\/a\u003E        \u003C\/div\u003E\n\n        \n                    \u003C\/div\u003E\n\u003C\/div\u003E\u003C\/div\u003E\n\u003Cdiv class=\u0022product-item__body\u0022\u003E\n\n  \n  \u003Ca href=\u0022\/fabrizio-cestovni-taska-palubni-zavazadlo-ryanair-40x25x20-cm-worldpack-103620600-modra\u0022 class=\u0022d-block my-3\u0022 title=\u0022Fabrizio Cestovn\u00ed ta\u0161ka \/ palubn\u00ed zavazadlo Ryanair 40x25x20 cm Worldpack 10362-0600 modr\u00e1\u0022\u003E\n    \u003Ch2 class=\u0022product-item__title clamp clamp--3 mb-0\u0022\u003E\u003Cem\u003EFabrizio\u003C\/em\u003E Cestovn\u00ed ta\u0161ka \/ palubn\u00ed zavazadlo Ryanair 40x25x20 cm Worldpack 10362-0600 modr\u00e1\u003C\/h2\u003E\n  \u003C\/a\u003E\n\n            \u003Cdiv class=\u0022product-item__price\u0022\u003E\n                \n            \u003Cdiv class=\u0022price price--current\u0022\u003E490 K\u010d\u003C\/div\u003E\n    \n    \n\n  \u003C\/div\u003E\n\u003C\/div\u003E\n\n        \u003C\/div\u003E\n\n                    \u003Cdiv class=\u0022product-item__aside\u0022\u003E\n                \n\n\u003Cdiv class=\u0022js-product-item-variants\u0022\u003E\n        \u003Ca href=\u0022\/fabrizio-cestovni-taska-palubni-zavazadlo-ryanair-40x25x20-cm-worldpack-103620600-modra\u0022\n     class=\u0022product-variant-item js-variant-item is-current\u0022\n     data-product-variant\n     data-show-preloader=\u00220\u0022\n     data-href=\u0022\/product-list-tile\/8728\/8725\u0022\n               onclick=\u0022this.blur()\u0022\u003E\n        \u003Cimg src=\u0022\u0022 data-src=\u0022https:\/\/www.univaro.cz\/temp\/product\/medium\/10362-0600.jpg\u0022 class=\u0022img-fluid js-lazy-img\u0022 alt=\u0022Cestovn\u00ed ta\u0161ka \/ palubn\u00ed zavazadlo Ryanair 40x25x20 cm Worldpack 10362-0600 modr\u00e1\u0022 title=\u0022palubn\u00ed zavazadlo pro ryanair\u0022 loading=\u0022lazy\u0022\u003E\n  \u003C\/a\u003E\n\n                                              \u003Ca href=\u0022\/fabrizio-cestovni-taska-palubni-zavazadlo-ryanair-40x25x20-cm-worldpack-103621700-seda\u0022\n         class=\u0022product-variant-item js-variant-item\u0022\n         data-product-variant\n         data-show-preloader=\u00220\u0022\n         data-href=\u0022\/product-list-tile\/8001\/8725\u0022\n                           onclick=\u0022this.blur()\u0022\u003E\n                \u003Cimg src=\u0022\u0022 data-src=\u0022https:\/\/www.univaro.cz\/temp\/product\/medium\/zbozi\/fabrizio-cestovni-taska-palubni-zavazadlo-ryanair-40x25x20-cm-worldpack-10362-1700-seda.jpg\u0022 alt=\u0022Cestovn\u00ed ta\u0161ka \/ palubn\u00ed zavazadlo Ryanair 40x25x20 cm Fabrizio Worldpack 10362-1700 \u0161ed\u00e1\u0022 title=\u0022Cestovn\u00ed ta\u0161ka \/ palubn\u00ed zavazadlo Ryanair 40x25x20 cm\u0022 class=\u0022img-fluid js-lazy-img\u0022 loading=\u0022lazy\u0022\u003E\n      \u003C\/a\u003E\n                                              \u003Ca href=\u0022\/fabrizio-cestovni-taska-palubni-zavazadlo-ryanair-40x25x20-cm-worldpack-103624700-vinove-cervena\u0022\n         class=\u0022product-variant-item js-variant-item\u0022\n         data-product-variant\n         data-show-preloader=\u00220\u0022\n         data-href=\u0022\/product-list-tile\/8839\/8725\u0022\n                           onclick=\u0022this.blur()\u0022\u003E\n                \u003Cimg src=\u0022\u0022 data-src=\u0022https:\/\/www.univaro.cz\/temp\/product\/medium\/cestovni-taska-palubni-zavazadlo-40x25x20cm-worldpack-10362-4700.jpg\u0022 alt=\u0022Cestovn\u00ed ta\u0161ka \/ palubn\u00ed zavazadlo Ryanair 40x25x20 cm Worldpack 10362-4700 v\u00ednov\u011b \u010derven\u00e1 - p\u0159edn\u00ed strana\u0022 title=\u0022Cestovn\u00ed ta\u0161ka Worldpack v\u00ednov\u011b \u010derven\u00e1\u0022 class=\u0022img-fluid js-lazy-img\u0022 loading=\u0022lazy\u0022\u003E\n      \u003C\/a\u003E\n                                              \u003Ca href=\u0022\/fabrizio-cestovni-taska-palubni-zavazadlo-ryanair-40x25x20-cm-worldpack-103620100-cerna\u0022\n         class=\u0022product-variant-item js-variant-item\u0022\n         data-product-variant\n         data-show-preloader=\u00220\u0022\n         data-href=\u0022\/product-list-tile\/8000\/8725\u0022\n                           onclick=\u0022this.blur()\u0022\u003E\n                \u003Cimg src=\u0022\u0022 data-src=\u0022https:\/\/www.univaro.cz\/temp\/product\/medium\/zbozi\/fabrizio-cestovni-taska-palubni-zavazadlo-ryanair-40x25x20-cm-worldpack-10362-0100-cerna.jpg\u0022 alt=\u0022Cestovn\u00ed ta\u0161ka \/ palubn\u00ed zavazadlo Ryanair 40x25x20 cm Fabrizio Worldpack 10362-0100 \u010dern\u00e1\u0022 title=\u0022Cestovn\u00ed ta\u0161ka \/ palubn\u00ed zavazadlo Ryanair 40x25x20 cm\u0022 class=\u0022img-fluid js-lazy-img\u0022 loading=\u0022lazy\u0022\u003E\n      \u003C\/a\u003E\n      \n    \u003C\/div\u003E            \u003C\/div\u003E\n            \u003C\/div\u003E\n\u003C\/div\u003E\n\n            \u003Cdiv class=\u0022product-item product-tile-item\u0022 data-product-item\u003E\n    \u003Cdiv class=\u0022product-item__container\u0022\u003E\n        \u003Cdiv class=\u0022product-item__main\u0022 id=\u0022snippet-product-tile-8391-info\u0022\u003E\n            \u003Cdiv class=\u0022product-item__head\u0022\u003E\n                  \u003Ca href=\u0022\/fabrizio-plazova-taska-pres-rameno-27l-can-t-wait-for-summer-552042823-zelena\u0022 class=\u0022product-item__image\u0022 tabindex=\u0022-1\u0022\u003E\n\n        \u003Cpicture class=\u0022product-item__picture product-item__picture--primary\u0022\u003E\n      \u003Cimg\n        src=\u0022\u0022\n        data-src=\u0022https:\/\/www.univaro.cz\/temp\/product\/medium\/zbozi\/fabrizio-plazova-taska-pres-rameno-27l-can-t-wait-for-summer-55204-2823-zelena.jpg\u0022\n        alt=\u0022Fabrizio Beach days Multifunk\u010dn\u00ed pl\u00e1\u017eov\u00e1 ta\u0161ka p\u0159es rameno 27l 55204-0604 modr\u00e1 - p\u0159edn\u00ed strana\u0022\n        title=\u0022letn\u00ed pl\u00e1\u017eov\u00e1 ta\u0161ka p\u0159es rameno Fabrizio Beach days zelen\u00e1\u0022\n        class=\u0022img-fluid js-lazy-img\u0022\u003E\n    \u003C\/picture\u003E\n\n                                \u003Cpicture class=\u0022product-item__picture product-item__picture--secondary\u0022\u003E\n        \u003Cimg\n                src=\u0022\u0022\n                data-src=\u0022https:\/\/www.univaro.cz\/temp\/product\/medium\/zbozi\/fabrizio-plazova-taska-pres-rameno-27l-can-t-wait-for-summer-55204-2823-zelena.jpg\u0022\n                title=\u0022letn\u00ed pl\u00e1\u017eov\u00e1 ta\u0161ka p\u0159es rameno Fabrizio Beach days zelen\u00e1\u0022\n                alt=\u0022Fabrizio Beach days Multifunk\u010dn\u00ed pl\u00e1\u017eov\u00e1 ta\u0161ka p\u0159es rameno 27l 55204-0604 modr\u00e1 - p\u0159edn\u00ed strana\u0022\n                class=\u0022img-fluid js-lazy-img\u0022\u003E\n      \u003C\/picture\u003E\n      \u003C\/a\u003E\n\n  \n\n\n\u003Cdiv class=\u0022product-item__overlay\u0022\u003E\n            \u003Cdiv class=\u0022product-item__overlay-left\u0022\u003E\n                        \n                            \n                                    \u003C\/div\u003E\n    \n    \u003Cdiv class=\u0022product-item__overlay-right\u0022\u003E\n        \u003Cdiv class=\u0022product-item__actions\u0022\u003E\n            \n\u003Ca href=\u0022\/product\/favourite\/add\/8391\u0022 class=\u0022service-item service-item--favourite\u0022\n   data-product-favourite=\u00228391\u0022 data-method=\u0022POST\u0022 title=\u0022P\u0159\u00eddat do obl\u00edben\u00fdch\u0022\n   rel=\u0022nofollow\u0022\n\u003E\n  \u003Csvg\u003E\u003Cuse href=\u0022\/build\/images\/sprites\/global.ff95326c.svg#heart-outline\u0022\u003E\u003C\/use\u003E\u003C\/svg\u003E\n\u003C\/a\u003E        \u003C\/div\u003E\n\n        \n                    \u003C\/div\u003E\n\u003C\/div\u003E\u003C\/div\u003E\n\u003Cdiv class=\u0022product-item__body\u0022\u003E\n\n  \n  \u003Ca href=\u0022\/fabrizio-plazova-taska-pres-rameno-27l-can-t-wait-for-summer-552042823-zelena\u0022 class=\u0022d-block my-3\u0022 title=\u0022Fabrizio Pl\u00e1\u017eov\u00e1 ta\u0161ka p\u0159es rameno 27l Can\u00b4t wait for Summer 55204-2823 zelen\u00e1\u0022\u003E\n    \u003Ch2 class=\u0022product-item__title clamp clamp--3 mb-0\u0022\u003E\u003Cem\u003EFabrizio\u003C\/em\u003E Pl\u00e1\u017eov\u00e1 ta\u0161ka p\u0159es rameno 27l Can\u00b4t wait for Summer 55204-2823 zelen\u00e1\u003C\/h2\u003E\n  \u003C\/a\u003E\n\n            \u003Cdiv class=\u0022product-item__price\u0022\u003E\n                \n            \u003Cdiv class=\u0022price price--current\u0022\u003E490 K\u010d\u003C\/div\u003E\n    \n    \n\n  \u003C\/div\u003E\n\u003C\/div\u003E\n\n        \u003C\/div\u003E\n\n            \u003C\/div\u003E\n\u003C\/div\u003E\n\n            \u003Cdiv class=\u0022product-item product-tile-item\u0022 data-product-item\u003E\n    \u003Cdiv class=\u0022product-item__container\u0022\u003E\n        \u003Cdiv class=\u0022product-item__main\u0022 id=\u0022snippet-product-tile-8389-info\u0022\u003E\n            \u003Cdiv class=\u0022product-item__head\u0022\u003E\n                  \u003Ca href=\u0022\/fabrizio-plazova-taska-pres-rameno-27l-the-endless-summer-552042221-ruzova\u0022 class=\u0022product-item__image\u0022 tabindex=\u0022-1\u0022\u003E\n\n        \u003Cpicture class=\u0022product-item__picture product-item__picture--primary\u0022\u003E\n      \u003Cimg\n        src=\u0022\u0022\n        data-src=\u0022https:\/\/www.univaro.cz\/temp\/product\/medium\/zbozi\/fabrizio-plazova-taska-pres-rameno-27l-the-endless-summer-55204-2221-ruzova.jpg\u0022\n        alt=\u0022Fabrizio The Endless Summer Multifunk\u010dn\u00ed pl\u00e1\u017eov\u00e1 ta\u0161ka p\u0159es rameno 27l 55204-2221 r\u016f\u017eov\u00e1 - p\u0159edn\u00ed strana\u0022\n        title=\u0022letn\u00ed pl\u00e1\u017eov\u00e1 ta\u0161ka p\u0159es rameno Fabrizio Endless Summer r\u016f\u017eov\u00e1\u0022\n        class=\u0022img-fluid js-lazy-img\u0022\u003E\n    \u003C\/picture\u003E\n\n                                \u003Cpicture class=\u0022product-item__picture product-item__picture--secondary\u0022\u003E\n        \u003Cimg\n                src=\u0022\u0022\n                data-src=\u0022https:\/\/www.univaro.cz\/temp\/product\/medium\/zbozi\/fabrizio-plazova-taska-pres-rameno-27l-the-endless-summer-55204-2221-ruzova.jpg\u0022\n                title=\u0022letn\u00ed pl\u00e1\u017eov\u00e1 ta\u0161ka p\u0159es rameno Fabrizio Endless Summer r\u016f\u017eov\u00e1\u0022\n                alt=\u0022Fabrizio The Endless Summer Multifunk\u010dn\u00ed pl\u00e1\u017eov\u00e1 ta\u0161ka p\u0159es rameno 27l 55204-2221 r\u016f\u017eov\u00e1 - p\u0159edn\u00ed strana\u0022\n                class=\u0022img-fluid js-lazy-img\u0022\u003E\n      \u003C\/picture\u003E\n      \u003C\/a\u003E\n\n  \n\n\n\u003Cdiv class=\u0022product-item__overlay\u0022\u003E\n            \u003Cdiv class=\u0022product-item__overlay-left\u0022\u003E\n                        \n                            \n                                    \u003C\/div\u003E\n    \n    \u003Cdiv class=\u0022product-item__overlay-right\u0022\u003E\n        \u003Cdiv class=\u0022product-item__actions\u0022\u003E\n            \n\u003Ca href=\u0022\/product\/favourite\/add\/8389\u0022 class=\u0022service-item service-item--favourite\u0022\n   data-product-favourite=\u00228389\u0022 data-method=\u0022POST\u0022 title=\u0022P\u0159\u00eddat do obl\u00edben\u00fdch\u0022\n   rel=\u0022nofollow\u0022\n\u003E\n  \u003Csvg\u003E\u003Cuse href=\u0022\/build\/images\/sprites\/global.ff95326c.svg#heart-outline\u0022\u003E\u003C\/use\u003E\u003C\/svg\u003E\n\u003C\/a\u003E        \u003C\/div\u003E\n\n        \n                    \u003C\/div\u003E\n\u003C\/div\u003E\u003C\/div\u003E\n\u003Cdiv class=\u0022product-item__body\u0022\u003E\n\n  \n  \u003Ca href=\u0022\/fabrizio-plazova-taska-pres-rameno-27l-the-endless-summer-552042221-ruzova\u0022 class=\u0022d-block my-3\u0022 title=\u0022Fabrizio Pl\u00e1\u017eov\u00e1 ta\u0161ka p\u0159es rameno 27l The Endless Summer 55204-2221 r\u016f\u017eov\u00e1\u0022\u003E\n    \u003Ch2 class=\u0022product-item__title clamp clamp--3 mb-0\u0022\u003E\u003Cem\u003EFabrizio\u003C\/em\u003E Pl\u00e1\u017eov\u00e1 ta\u0161ka p\u0159es rameno 27l The Endless Summer 55204-2221 r\u016f\u017eov\u00e1\u003C\/h2\u003E\n  \u003C\/a\u003E\n\n            \u003Cdiv class=\u0022product-item__price\u0022\u003E\n                \n            \u003Cdiv class=\u0022price price--current\u0022\u003E490 K\u010d\u003C\/div\u003E\n    \n    \n\n  \u003C\/div\u003E\n\u003C\/div\u003E\n\n        \u003C\/div\u003E\n\n            \u003C\/div\u003E\n\u003C\/div\u003E\n\n            \u003Cdiv class=\u0022product-item product-tile-item\u0022 data-product-item\u003E\n    \u003Cdiv class=\u0022product-item__container\u0022\u003E\n        \u003Cdiv class=\u0022product-item__main\u0022 id=\u0022snippet-product-tile-8386-info\u0022\u003E\n            \u003Cdiv class=\u0022product-item__head\u0022\u003E\n                  \u003Ca href=\u0022\/fabrizio-multifunkcni-damska-taska-pres-rameno-27l-552020700-zelena-s-prouzky\u0022 class=\u0022product-item__image\u0022 tabindex=\u0022-1\u0022\u003E\n\n        \u003Cpicture class=\u0022product-item__picture product-item__picture--primary\u0022\u003E\n      \u003Cimg\n        src=\u0022\u0022\n        data-src=\u0022https:\/\/www.univaro.cz\/temp\/product\/medium\/zbozi\/fabrizio-multifunkcni-damska-taska-pres-rameno-27l-55202-0700-zelena-s-prouzky.jpg\u0022\n        alt=\u0022Fabrizio Multifunk\u010dn\u00ed d\u00e1msk\u00e1 ta\u0161ka p\u0159es rameno 27l 55202-0700 zelen\u00e1 s prou\u017eky\u0022\n        title=\u0022Fabrizio stripes pl\u00e1\u017eov\u00e1 ta\u0161ka p\u0159es rameno 27l s prou\u017eky\u0022\n        class=\u0022img-fluid js-lazy-img\u0022\u003E\n    \u003C\/picture\u003E\n\n                                \u003Cpicture class=\u0022product-item__picture product-item__picture--secondary\u0022\u003E\n        \u003Cimg\n                src=\u0022\u0022\n                data-src=\u0022https:\/\/www.univaro.cz\/temp\/product\/medium\/zbozi\/fabrizio-multifunkcni-damska-taska-pres-rameno-27l-55202-0700-zelena-s-prouzky.jpg\u0022\n                title=\u0022Fabrizio stripes pl\u00e1\u017eov\u00e1 ta\u0161ka p\u0159es rameno 27l s prou\u017eky\u0022\n                alt=\u0022Fabrizio Multifunk\u010dn\u00ed d\u00e1msk\u00e1 ta\u0161ka p\u0159es rameno 27l 55202-0700 zelen\u00e1 s prou\u017eky\u0022\n                class=\u0022img-fluid js-lazy-img\u0022\u003E\n      \u003C\/picture\u003E\n      \u003C\/a\u003E\n\n  \n\n\n\u003Cdiv class=\u0022product-item__overlay\u0022\u003E\n            \u003Cdiv class=\u0022product-item__overlay-left\u0022\u003E\n                        \n                            \n                                    \u003C\/div\u003E\n    \n    \u003Cdiv class=\u0022product-item__overlay-right\u0022\u003E\n        \u003Cdiv class=\u0022product-item__actions\u0022\u003E\n            \n\u003Ca href=\u0022\/product\/favourite\/add\/8386\u0022 class=\u0022service-item service-item--favourite\u0022\n   data-product-favourite=\u00228386\u0022 data-method=\u0022POST\u0022 title=\u0022P\u0159\u00eddat do obl\u00edben\u00fdch\u0022\n   rel=\u0022nofollow\u0022\n\u003E\n  \u003Csvg\u003E\u003Cuse href=\u0022\/build\/images\/sprites\/global.ff95326c.svg#heart-outline\u0022\u003E\u003C\/use\u003E\u003C\/svg\u003E\n\u003C\/a\u003E        \u003C\/div\u003E\n\n        \n                    \u003C\/div\u003E\n\u003C\/div\u003E\u003C\/div\u003E\n\u003Cdiv class=\u0022product-item__body\u0022\u003E\n\n  \n  \u003Ca href=\u0022\/fabrizio-multifunkcni-damska-taska-pres-rameno-27l-552020700-zelena-s-prouzky\u0022 class=\u0022d-block my-3\u0022 title=\u0022Fabrizio Multifunk\u010dn\u00ed d\u00e1msk\u00e1 ta\u0161ka p\u0159es rameno 27l 55202-0700 zelen\u00e1 s prou\u017eky\u0022\u003E\n    \u003Ch2 class=\u0022product-item__title clamp clamp--3 mb-0\u0022\u003E\u003Cem\u003EFabrizio\u003C\/em\u003E Multifunk\u010dn\u00ed d\u00e1msk\u00e1 ta\u0161ka p\u0159es rameno 27l 55202-0700 zelen\u00e1 s prou\u017eky\u003C\/h2\u003E\n  \u003C\/a\u003E\n\n            \u003Cdiv class=\u0022product-item__price\u0022\u003E\n                \n            \u003Cdiv class=\u0022price price--current\u0022\u003E490 K\u010d\u003C\/div\u003E\n    \n    \n\n  \u003C\/div\u003E\n\u003C\/div\u003E\n\n        \u003C\/div\u003E\n\n            \u003C\/div\u003E\n\u003C\/div\u003E\n\n            \u003Cdiv class=\u0022product-item product-tile-item has-variants\u0022 data-product-item\u003E\n    \u003Cdiv class=\u0022product-item__container\u0022\u003E\n        \u003Cdiv class=\u0022product-item__main\u0022 id=\u0022snippet-product-tile-8841-info\u0022\u003E\n            \u003Cdiv class=\u0022product-item__head\u0022\u003E\n                  \u003Ca href=\u0022\/fabrizio-skladaci-cestovni-taska-palubni-zavazadlo-ryanair-40x20x25-cm-worldpack-104640600-modra\u0022 class=\u0022product-item__image\u0022 tabindex=\u0022-1\u0022\u003E\n\n        \u003Cpicture class=\u0022product-item__picture product-item__picture--primary\u0022\u003E\n      \u003Cimg\n        src=\u0022\u0022\n        data-src=\u0022https:\/\/www.univaro.cz\/temp\/product\/medium\/skladaci-cestovni-taska-worldpack-modra-10464-0600.jpg\u0022\n        alt=\u0022Skl\u00e1dac\u00ed cestovn\u00ed ta\u0161ka \/ palubn\u00ed zavazadlo Ryanair 40x20x25 cm Worldpack 10464-0600 modr\u00e1\u0022\n        title=\u0022Skl\u00e1dac\u00ed cestovn\u00ed ta\u0161ka 40x20x25 cm Worldpack modr\u00e1\u0022\n        class=\u0022img-fluid js-lazy-img\u0022\u003E\n    \u003C\/picture\u003E\n\n                                \u003Cpicture class=\u0022product-item__picture product-item__picture--secondary\u0022\u003E\n        \u003Cimg\n                src=\u0022\u0022\n                data-src=\u0022https:\/\/www.univaro.cz\/temp\/product\/medium\/skladaci-cestovni-taska-worldpack-modra-10464-0600-2.jpg\u0022\n                title=\u0022Skl\u00e1dac\u00ed cestovn\u00ed ta\u0161ka \/ palubn\u00ed zavazadlo Worldpack\u0022\n                alt=\u0022Skl\u00e1dac\u00ed cestovn\u00ed ta\u0161ka \/ palubn\u00ed zavazadlo Ryanair 40x25x20 cm Worldpack modr\u00e1 10464-0600 - slo\u017een\u00e1 v obalu\u0022\n                class=\u0022img-fluid js-lazy-img\u0022\u003E\n      \u003C\/picture\u003E\n      \u003C\/a\u003E\n\n  \n\n\n\u003Cdiv class=\u0022product-item__overlay\u0022\u003E\n            \u003Cdiv class=\u0022product-item__overlay-left\u0022\u003E\n                        \n                            \n                                    \u003C\/div\u003E\n    \n    \u003Cdiv class=\u0022product-item__overlay-right\u0022\u003E\n        \u003Cdiv class=\u0022product-item__actions\u0022\u003E\n            \n\u003Ca href=\u0022\/product\/favourite\/add\/8841\u0022 class=\u0022service-item service-item--favourite\u0022\n   data-product-favourite=\u00228841\u0022 data-method=\u0022POST\u0022 title=\u0022P\u0159\u00eddat do obl\u00edben\u00fdch\u0022\n   rel=\u0022nofollow\u0022\n\u003E\n  \u003Csvg\u003E\u003Cuse href=\u0022\/build\/images\/sprites\/global.ff95326c.svg#heart-outline\u0022\u003E\u003C\/use\u003E\u003C\/svg\u003E\n\u003C\/a\u003E        \u003C\/div\u003E\n\n        \n                    \u003C\/div\u003E\n\u003C\/div\u003E\u003C\/div\u003E\n\u003Cdiv class=\u0022product-item__body\u0022\u003E\n\n  \n  \u003Ca href=\u0022\/fabrizio-skladaci-cestovni-taska-palubni-zavazadlo-ryanair-40x20x25-cm-worldpack-104640600-modra\u0022 class=\u0022d-block my-3\u0022 title=\u0022Fabrizio Skl\u00e1dac\u00ed cestovn\u00ed ta\u0161ka \/ palubn\u00ed zavazadlo Ryanair 40x20x25 cm Worldpack 10464-0600 modr\u00e1\u0022\u003E\n    \u003Ch2 class=\u0022product-item__title clamp clamp--3 mb-0\u0022\u003E\u003Cem\u003EFabrizio\u003C\/em\u003E Skl\u00e1dac\u00ed cestovn\u00ed ta\u0161ka \/ palubn\u00ed zavazadlo Ryanair 40x20x25 cm Worldpack 10464-0600 modr\u00e1\u003C\/h2\u003E\n  \u003C\/a\u003E\n\n            \u003Cdiv class=\u0022product-item__price\u0022\u003E\n                \n            \u003Cdiv class=\u0022price price--current\u0022\u003E440 K\u010d\u003C\/div\u003E\n    \n    \n\n  \u003C\/div\u003E\n\u003C\/div\u003E\n\n        \u003C\/div\u003E\n\n                    \u003Cdiv class=\u0022product-item__aside\u0022\u003E\n                \n\n\u003Cdiv class=\u0022js-product-item-variants\u0022\u003E\n        \u003Ca href=\u0022\/fabrizio-skladaci-cestovni-taska-palubni-zavazadlo-ryanair-40x20x25-cm-worldpack-104640600-modra\u0022\n     class=\u0022product-variant-item js-variant-item is-current\u0022\n     data-product-variant\n     data-show-preloader=\u00220\u0022\n     data-href=\u0022\/product-list-tile\/8844\/8841\u0022\n               onclick=\u0022this.blur()\u0022\u003E\n        \u003Cimg src=\u0022\u0022 data-src=\u0022https:\/\/www.univaro.cz\/temp\/product\/medium\/skladaci-cestovni-taska-worldpack-modra-10464-0600.jpg\u0022 class=\u0022img-fluid js-lazy-img\u0022 alt=\u0022Skl\u00e1dac\u00ed cestovn\u00ed ta\u0161ka \/ palubn\u00ed zavazadlo Ryanair 40x20x25 cm Worldpack 10464-0600 modr\u00e1\u0022 title=\u0022Skl\u00e1dac\u00ed cestovn\u00ed ta\u0161ka 40x20x25 cm Worldpack modr\u00e1\u0022 loading=\u0022lazy\u0022\u003E\n  \u003C\/a\u003E\n\n                                              \u003Ca href=\u0022\/fabrizio-skladaci-cestovni-taska-palubni-zavazadlo-ryanair-40x20x25-cm-worldpack-104640100-cerna\u0022\n         class=\u0022product-variant-item js-variant-item\u0022\n         data-product-variant\n         data-show-preloader=\u00220\u0022\n         data-href=\u0022\/product-list-tile\/8842\/8841\u0022\n                           onclick=\u0022this.blur()\u0022\u003E\n                \u003Cimg src=\u0022\u0022 data-src=\u0022https:\/\/www.univaro.cz\/temp\/product\/medium\/skladaci-cestovni-taska-worldpack-cerna-10464-0100.jpg\u0022 alt=\u0022Skl\u00e1dac\u00ed cestovn\u00ed ta\u0161ka \/ palubn\u00ed zavazadlo Ryanair 40x20x25 cm Worldpack 10464-0100 \u010dern\u00e1\u0022 title=\u0022Skl\u00e1dac\u00ed cestovn\u00ed ta\u0161ka Worldpack \u010dern\u00e1\u0022 class=\u0022img-fluid js-lazy-img\u0022 loading=\u0022lazy\u0022\u003E\n      \u003C\/a\u003E\n      \n    \u003C\/div\u003E            \u003C\/div\u003E\n            \u003C\/div\u003E\n\u003C\/div\u003E\n\n            \u003Cdiv class=\u0022product-item product-tile-item has-variants\u0022 data-product-item\u003E\n    \u003Cdiv class=\u0022product-item__container\u0022\u003E\n        \u003Cdiv class=\u0022product-item__main\u0022 id=\u0022snippet-product-tile-8839-info\u0022\u003E\n            \u003Cdiv class=\u0022product-item__head\u0022\u003E\n                  \u003Ca href=\u0022\/fabrizio-skladaci-cestovni-taska-palubni-zavazadlo-ryanair-40x20x25-cm-worldpack-104640100-cerna\u0022 class=\u0022product-item__image\u0022 tabindex=\u0022-1\u0022\u003E\n\n        \u003Cpicture class=\u0022product-item__picture product-item__picture--primary\u0022\u003E\n      \u003Cimg\n        src=\u0022\u0022\n        data-src=\u0022https:\/\/www.univaro.cz\/temp\/product\/medium\/skladaci-cestovni-taska-worldpack-cerna-10464-0100.jpg\u0022\n        alt=\u0022Skl\u00e1dac\u00ed cestovn\u00ed ta\u0161ka \/ palubn\u00ed zavazadlo Ryanair 40x20x25 cm Worldpack 10464-0100 \u010dern\u00e1\u0022\n        title=\u0022Skl\u00e1dac\u00ed cestovn\u00ed ta\u0161ka Worldpack \u010dern\u00e1\u0022\n        class=\u0022img-fluid js-lazy-img\u0022\u003E\n    \u003C\/picture\u003E\n\n                                \u003Cpicture class=\u0022product-item__picture product-item__picture--secondary\u0022\u003E\n        \u003Cimg\n                src=\u0022\u0022\n                data-src=\u0022https:\/\/www.univaro.cz\/temp\/product\/medium\/skladaci-cestovni-taska-worldpack-10464-0100-cerna.jpg\u0022\n                title=\u0022Fabrizio Skl\u00e1dac\u00ed cestovn\u00ed ta\u0161ka \/ palubn\u00ed zavazadlo Ryanair 40x20x25 cm Worldpack 10464-0100 \u010dern\u00e1\u0022\n                alt=\u0022Skl\u00e1dac\u00ed palubn\u00ed zavazadlo 40x25x20 cm Fabrizio Worldpack 10464-0100\u0022\n                class=\u0022img-fluid js-lazy-img\u0022\u003E\n      \u003C\/picture\u003E\n      \u003C\/a\u003E\n\n  \n\n\n\u003Cdiv class=\u0022product-item__overlay\u0022\u003E\n            \u003Cdiv class=\u0022product-item__overlay-left\u0022\u003E\n                        \n                            \n                                    \u003C\/div\u003E\n    \n    \u003Cdiv class=\u0022product-item__overlay-right\u0022\u003E\n        \u003Cdiv class=\u0022product-item__actions\u0022\u003E\n            \n\u003Ca href=\u0022\/product\/favourite\/add\/8839\u0022 class=\u0022service-item service-item--favourite\u0022\n   data-product-favourite=\u00228839\u0022 data-method=\u0022POST\u0022 title=\u0022P\u0159\u00eddat do obl\u00edben\u00fdch\u0022\n   rel=\u0022nofollow\u0022\n\u003E\n  \u003Csvg\u003E\u003Cuse href=\u0022\/build\/images\/sprites\/global.ff95326c.svg#heart-outline\u0022\u003E\u003C\/use\u003E\u003C\/svg\u003E\n\u003C\/a\u003E        \u003C\/div\u003E\n\n        \n                    \u003C\/div\u003E\n\u003C\/div\u003E\u003C\/div\u003E\n\u003Cdiv class=\u0022product-item__body\u0022\u003E\n\n  \n  \u003Ca href=\u0022\/fabrizio-skladaci-cestovni-taska-palubni-zavazadlo-ryanair-40x20x25-cm-worldpack-104640100-cerna\u0022 class=\u0022d-block my-3\u0022 title=\u0022Fabrizio Skl\u00e1dac\u00ed cestovn\u00ed ta\u0161ka \/ palubn\u00ed zavazadlo Ryanair 40x20x25 cm Worldpack 10464-0100 \u010dern\u00e1\u0022\u003E\n    \u003Ch2 class=\u0022product-item__title clamp clamp--3 mb-0\u0022\u003E\u003Cem\u003EFabrizio\u003C\/em\u003E Skl\u00e1dac\u00ed cestovn\u00ed ta\u0161ka \/ palubn\u00ed zavazadlo Ryanair 40x20x25 cm Worldpack 10464-0100 \u010dern\u00e1\u003C\/h2\u003E\n  \u003C\/a\u003E\n\n            \u003Cdiv class=\u0022product-item__price\u0022\u003E\n                \n            \u003Cdiv class=\u0022price price--current\u0022\u003E440 K\u010d\u003C\/div\u003E\n    \n    \n\n  \u003C\/div\u003E\n\u003C\/div\u003E\n\n        \u003C\/div\u003E\n\n                    \u003Cdiv class=\u0022product-item__aside\u0022\u003E\n                \n\n\u003Cdiv class=\u0022js-product-item-variants\u0022\u003E\n        \u003Ca href=\u0022\/fabrizio-skladaci-cestovni-taska-palubni-zavazadlo-ryanair-40x20x25-cm-worldpack-104640100-cerna\u0022\n     class=\u0022product-variant-item js-variant-item is-current\u0022\n     data-product-variant\n     data-show-preloader=\u00220\u0022\n     data-href=\u0022\/product-list-tile\/8842\/8839\u0022\n               onclick=\u0022this.blur()\u0022\u003E\n        \u003Cimg src=\u0022\u0022 data-src=\u0022https:\/\/www.univaro.cz\/temp\/product\/medium\/skladaci-cestovni-taska-worldpack-cerna-10464-0100.jpg\u0022 class=\u0022img-fluid js-lazy-img\u0022 alt=\u0022Skl\u00e1dac\u00ed cestovn\u00ed ta\u0161ka \/ palubn\u00ed zavazadlo Ryanair 40x20x25 cm Worldpack 10464-0100 \u010dern\u00e1\u0022 title=\u0022Skl\u00e1dac\u00ed cestovn\u00ed ta\u0161ka Worldpack \u010dern\u00e1\u0022 loading=\u0022lazy\u0022\u003E\n  \u003C\/a\u003E\n\n                                              \u003Ca href=\u0022\/fabrizio-skladaci-cestovni-taska-palubni-zavazadlo-ryanair-40x20x25-cm-worldpack-104640600-modra\u0022\n         class=\u0022product-variant-item js-variant-item\u0022\n         data-product-variant\n         data-show-preloader=\u00220\u0022\n         data-href=\u0022\/product-list-tile\/8844\/8839\u0022\n                           onclick=\u0022this.blur()\u0022\u003E\n                \u003Cimg src=\u0022\u0022 data-src=\u0022https:\/\/www.univaro.cz\/temp\/product\/medium\/skladaci-cestovni-taska-worldpack-modra-10464-0600.jpg\u0022 alt=\u0022Skl\u00e1dac\u00ed cestovn\u00ed ta\u0161ka \/ palubn\u00ed zavazadlo Ryanair 40x20x25 cm Worldpack 10464-0600 modr\u00e1\u0022 title=\u0022Skl\u00e1dac\u00ed cestovn\u00ed ta\u0161ka 40x20x25 cm Worldpack modr\u00e1\u0022 class=\u0022img-fluid js-lazy-img\u0022 loading=\u0022lazy\u0022\u003E\n      \u003C\/a\u003E\n      \n    \u003C\/div\u003E            \u003C\/div\u003E\n            \u003C\/div\u003E\n\u003C\/div\u003E\n\n            \u003Cdiv class=\u0022product-item product-tile-item\u0022 data-product-item\u003E\n    \u003Cdiv class=\u0022product-item__container\u0022\u003E\n        \u003Cdiv class=\u0022product-item__main\u0022 id=\u0022snippet-product-tile-7100-info\u0022\u003E\n            \u003Cdiv class=\u0022product-item__head\u0022\u003E\n                  \u003Ca href=\u0022\/fabrizio-plazovy-kosik-nakupni-taska-551982200-ruzovy\u0022 class=\u0022product-item__image\u0022 tabindex=\u0022-1\u0022\u003E\n\n        \u003Cpicture class=\u0022product-item__picture product-item__picture--primary\u0022\u003E\n      \u003Cimg\n        src=\u0022\u0022\n        data-src=\u0022https:\/\/www.univaro.cz\/temp\/product\/medium\/zbozi\/fabrizio-plazovy-kosik-nakupni-taska-55198-2200-ruzovy.jpg\u0022\n        alt=\u0022Fabrizio Pl\u00e1\u017eov\u00fd ko\u0161\u00edk \/ n\u00e1kupn\u00ed ta\u0161ka 55198-2200 r\u016f\u017eov\u00fd\u0022\n        title=\u0022Fabrizio Pl\u00e1\u017eov\u00fd ko\u0161\u00edk \/ n\u00e1kupn\u00ed ta\u0161ka 55198-2200 r\u016f\u017eov\u00fd\u0022\n        class=\u0022img-fluid js-lazy-img\u0022\u003E\n    \u003C\/picture\u003E\n\n          \u003C\/a\u003E\n\n  \n\n\n\u003Cdiv class=\u0022product-item__overlay\u0022\u003E\n            \u003Cdiv class=\u0022product-item__overlay-left\u0022\u003E\n                        \n                            \n                                    \u003C\/div\u003E\n    \n    \u003Cdiv class=\u0022product-item__overlay-right\u0022\u003E\n        \u003Cdiv class=\u0022product-item__actions\u0022\u003E\n            \n\u003Ca href=\u0022\/product\/favourite\/add\/7100\u0022 class=\u0022service-item service-item--favourite\u0022\n   data-product-favourite=\u00227100\u0022 data-method=\u0022POST\u0022 title=\u0022P\u0159\u00eddat do obl\u00edben\u00fdch\u0022\n   rel=\u0022nofollow\u0022\n\u003E\n  \u003Csvg\u003E\u003Cuse href=\u0022\/build\/images\/sprites\/global.ff95326c.svg#heart-outline\u0022\u003E\u003C\/use\u003E\u003C\/svg\u003E\n\u003C\/a\u003E        \u003C\/div\u003E\n\n        \n                    \u003C\/div\u003E\n\u003C\/div\u003E\u003C\/div\u003E\n\u003Cdiv class=\u0022product-item__body\u0022\u003E\n\n  \n  \u003Ca href=\u0022\/fabrizio-plazovy-kosik-nakupni-taska-551982200-ruzovy\u0022 class=\u0022d-block my-3\u0022 title=\u0022Fabrizio Pl\u00e1\u017eov\u00fd ko\u0161\u00edk \/ n\u00e1kupn\u00ed ta\u0161ka 55198-2200 r\u016f\u017eov\u00fd\u0022\u003E\n    \u003Ch2 class=\u0022product-item__title clamp clamp--3 mb-0\u0022\u003E\u003Cem\u003EFabrizio\u003C\/em\u003E Pl\u00e1\u017eov\u00fd ko\u0161\u00edk \/ n\u00e1kupn\u00ed ta\u0161ka 55198-2200 r\u016f\u017eov\u00fd\u003C\/h2\u003E\n  \u003C\/a\u003E\n\n            \u003Cdiv class=\u0022product-item__price\u0022\u003E\n                \n            \u003Cdiv class=\u0022price price--current\u0022\u003E390 K\u010d\u003C\/div\u003E\n    \n    \n\n  \u003C\/div\u003E\n\u003C\/div\u003E\n\n        \u003C\/div\u003E\n\n            \u003C\/div\u003E\n\u003C\/div\u003E\n\n","action":"append"},"#js-pagination-wrapper":{"html":"                                            \u003Cdiv class=\u0022layout-results__navigation my-5\u0022 id=\u0022js-pagination-wrapper\u0022\u003E\n        \u003Cdiv class=\u0022p p--small color-light\u0022\u003E\n            celkem 98\n        \u003C\/div\u003E\n\n                    \u003Ca href=\u0022https:\/\/www.univaro.cz\/manufacturer\/13\/show-more-products\/?strana=6\u0026amp;stran_zobrazeno=3\u0026amp;razeni=nejdrazsi\u0022 class=\u0022btn btn--ghost  js-ajax\u0022\u003E\n                \u003Cspan class=\u0022btn__text\u0022\u003EZobrazit dal\u0161\u00ed\u003C\/span\u003E\n                \u003Csvg class=\u0022btn__icon btn__icon--small\u0022\u003E\n                    \u003Cuse href=\u0022\/build\/images\/sprites\/global.ff95326c.svg#chevron-right\u0022\u003E\u003C\/use\u003E\n                \u003C\/svg\u003E\n            \u003C\/a\u003E\n        \n        \u003Cnav class=\u0022pagination\u0022\u003E\n            \u003Cul class=\u0022pagination__list\u0022\u003E\n\n                                \u003Cli class=\u0022pagination__item pagination__item--prev\u0022\u003E\n                    \u003Ca class=\u0022pagination__link js-product-scroll  js-ajax\u0022\n                       href=\u0022\/fabrizio?razeni=nejdrazsi\u0026amp;stran_zobrazeno=1\u0026amp;strana=4\u0022\u003E\n                        \u003Csvg\u003E\n                            \u003Cuse href=\u0022\/build\/images\/sprites\/global.ff95326c.svg#chevron-right\u0022\u003E\u003C\/use\u003E\n                        \u003C\/svg\u003E\n                    \u003C\/a\u003E\n                \u003C\/li\u003E\n\n                                                    \u003Cli class=\u0022pagination__item\u0022\u003E\n                        \u003Ca class=\u0022pagination__link js-product-scroll  js-ajax\u0022\n                           href=\u0022\/fabrizio?razeni=nejdrazsi\u0026amp;stran_zobrazeno=1\u0026amp;strana=1\u0022\u003E1\u003C\/a\u003E\n                    \u003C\/li\u003E\n                                            \u003Cli class=\u0022pagination__item\u0022\u003E...\u003C\/li\u003E\n                                    \n                                    \u003Cli class=\u0022pagination__item\u0022\u003E\n                        \u003Ca class=\u0022pagination__link js-product-scroll  js-ajax\u0022\n                           href=\u0022\/fabrizio?razeni=nejdrazsi\u0026amp;stran_zobrazeno=1\u0026amp;strana=3\u0022\u003E3\u003C\/a\u003E\n                    \u003C\/li\u003E\n                                    \u003Cli class=\u0022pagination__item\u0022\u003E\n                        \u003Ca class=\u0022pagination__link js-product-scroll  js-ajax\u0022\n                           href=\u0022\/fabrizio?razeni=nejdrazsi\u0026amp;stran_zobrazeno=1\u0026amp;strana=4\u0022\u003E4\u003C\/a\u003E\n                    \u003C\/li\u003E\n                                    \u003Cli class=\u0022pagination__item is-active\u0022\u003E\n                        \u003Ca class=\u0022pagination__link js-product-scroll  js-ajax\u0022\n                           href=\u0022\/fabrizio?razeni=nejdrazsi\u0026amp;stran_zobrazeno=1\u0026amp;strana=5\u0022\u003E5\u003C\/a\u003E\n                    \u003C\/li\u003E\n                                    \u003Cli class=\u0022pagination__item\u0022\u003E\n                        \u003Ca class=\u0022pagination__link js-product-scroll  js-ajax\u0022\n                           href=\u0022\/fabrizio?razeni=nejdrazsi\u0026amp;stran_zobrazeno=1\u0026amp;strana=6\u0022\u003E6\u003C\/a\u003E\n                    \u003C\/li\u003E\n                                    \u003Cli class=\u0022pagination__item\u0022\u003E\n                        \u003Ca class=\u0022pagination__link js-product-scroll  js-ajax\u0022\n                           href=\u0022\/fabrizio?razeni=nejdrazsi\u0026amp;stran_zobrazeno=1\u0026amp;strana=7\u0022\u003E7\u003C\/a\u003E\n                    \u003C\/li\u003E\n                \n                                \n                                \u003Cli class=\u0022pagination__item pagination__item--next\u0022\u003E\n                    \u003Ca class=\u0022pagination__link js-product-scroll  js-ajax\u0022\n                       href=\u0022\/fabrizio?razeni=nejdrazsi\u0026amp;stran_zobrazeno=1\u0026amp;strana=6\u0022\u003E\n                        \u003Csvg\u003E\n                            \u003Cuse href=\u0022\/build\/images\/sprites\/global.ff95326c.svg#chevron-right\u0022\u003E\u003C\/use\u003E\n                        \u003C\/svg\u003E\n                    \u003C\/a\u003E\n                \u003C\/li\u003E\n            \u003C\/ul\u003E\n        \u003C\/nav\u003E\n    \u003C\/div\u003E\n\n","action":"replace"}},"actions":{"historyPushState":{"url":"\/fabrizio?strana=5\u0026stran_zobrazeno=2\u0026razeni=nejdrazsi","state":[],"title":"stateChange"}}}